{"id":1529,"date":"2021-08-04T10:57:21","date_gmt":"2021-08-04T08:57:21","guid":{"rendered":"https:\/\/tvheppenheim.de\/?p=1529"},"modified":"2021-08-04T11:22:04","modified_gmt":"2021-08-04T09:22:04","slug":"protokoll-und-wahlen-der-mitgliederversammlung","status":"publish","type":"post","link":"https:\/\/tvheppenheim.de\/?p=1529","title":{"rendered":"Protokoll und Wahlen der Mitgliederversammlung"},"content":{"rendered":"\t\t<div data-elementor-type=\"wp-post\" data-elementor-id=\"1529\" class=\"elementor elementor-1529\" data-elementor-post-type=\"post\">\n\t\t\t\t\t\t<section class=\"elementor-section elementor-top-section elementor-element elementor-element-d3a8b13 elementor-section-boxed elementor-section-height-default elementor-section-height-default\" data-id=\"d3a8b13\" data-element_type=\"section\" data-e-type=\"section\">\n\t\t\t\t\t\t<div class=\"elementor-container elementor-column-gap-default\">\n\t\t\t\t\t<div class=\"elementor-column elementor-col-100 elementor-top-column elementor-element elementor-element-00f19c8\" data-id=\"00f19c8\" data-element_type=\"column\" data-e-type=\"column\">\n\t\t\t<div class=\"elementor-widget-wrap elementor-element-populated\">\n\t\t\t\t\t\t<div class=\"elementor-element elementor-element-14caab8 elementor-widget elementor-widget-text-editor\" data-id=\"14caab8\" data-element_type=\"widget\" data-e-type=\"widget\" data-widget_type=\"text-editor.default\">\n\t\t\t\t<div class=\"elementor-widget-container\">\n\t\t\t\t\t\t\t\t\t<p>Hallo liebe TVHler,<br \/>wir hatten am Mo. den 28.06.2021 die Mitgliederversammlung des TV Heppenheim, coronabedingt in der Halle am Starkenburggymnasium. Folgende Wahlen sind erfolgt:<\/p>\t\t\t\t\t\t\t\t<\/div>\n\t\t\t\t<\/div>\n\t\t\t\t\t<\/div>\n\t\t<\/div>\n\t\t\t\t\t<\/div>\n\t\t<\/section>\n\t\t\t\t<section class=\"elementor-section elementor-top-section elementor-element elementor-element-b885e95 elementor-section-boxed elementor-section-height-default elementor-section-height-default\" data-id=\"b885e95\" data-element_type=\"section\" data-e-type=\"section\">\n\t\t\t\t\t\t<div class=\"elementor-container elementor-column-gap-default\">\n\t\t\t\t\t<div class=\"elementor-column elementor-col-100 elementor-top-column elementor-element elementor-element-47d7e5d\" data-id=\"47d7e5d\" data-element_type=\"column\" data-e-type=\"column\">\n\t\t\t<div class=\"elementor-widget-wrap elementor-element-populated\">\n\t\t\t\t\t\t<section class=\"elementor-section elementor-inner-section elementor-element elementor-element-4ceb676 elementor-section-boxed elementor-section-height-default elementor-section-height-default\" data-id=\"4ceb676\" data-element_type=\"section\" data-e-type=\"section\">\n\t\t\t\t\t\t<div class=\"elementor-container elementor-column-gap-default\">\n\t\t\t\t\t<div class=\"elementor-column elementor-col-50 elementor-inner-column elementor-element elementor-element-e81e01c\" data-id=\"e81e01c\" data-element_type=\"column\" data-e-type=\"column\">\n\t\t\t<div class=\"elementor-widget-wrap elementor-element-populated\">\n\t\t\t\t\t\t<div class=\"elementor-element elementor-element-3e65d69 elementor-widget elementor-widget-text-editor\" data-id=\"3e65d69\" data-element_type=\"widget\" data-e-type=\"widget\" data-widget_type=\"text-editor.default\">\n\t\t\t\t<div class=\"elementor-widget-container\">\n\t\t\t\t\t\t\t\t\t<p><strong>Entlastungen:<\/strong><\/p>\t\t\t\t\t\t\t\t<\/div>\n\t\t\t\t<\/div>\n\t\t\t\t\t<\/div>\n\t\t<\/div>\n\t\t\t\t<div class=\"elementor-column elementor-col-50 elementor-inner-column elementor-element elementor-element-a8585e1\" data-id=\"a8585e1\" data-element_type=\"column\" data-e-type=\"column\">\n\t\t\t<div class=\"elementor-widget-wrap elementor-element-populated\">\n\t\t\t\t\t\t<div class=\"elementor-element elementor-element-d4707fb elementor-widget elementor-widget-text-editor\" data-id=\"d4707fb\" data-element_type=\"widget\" data-e-type=\"widget\" data-widget_type=\"text-editor.default\">\n\t\t\t\t<div class=\"elementor-widget-container\">\n\t\t\t\t\t\t\t\t\t<p>Kassenwart und gesch\u00e4ftsf\u00fchrender Vorstand wurden f\u00fcr die Jahre 2019 und 2020 entlastet.<\/p>\t\t\t\t\t\t\t\t<\/div>\n\t\t\t\t<\/div>\n\t\t\t\t\t<\/div>\n\t\t<\/div>\n\t\t\t\t\t<\/div>\n\t\t<\/section>\n\t\t\t\t<section class=\"elementor-section elementor-inner-section elementor-element elementor-element-bc471e7 elementor-section-boxed elementor-section-height-default elementor-section-height-default\" data-id=\"bc471e7\" data-element_type=\"section\" data-e-type=\"section\">\n\t\t\t\t\t\t<div class=\"elementor-container elementor-column-gap-default\">\n\t\t\t\t\t<div class=\"elementor-column elementor-col-50 elementor-inner-column elementor-element elementor-element-eb4d870\" data-id=\"eb4d870\" data-element_type=\"column\" data-e-type=\"column\">\n\t\t\t<div class=\"elementor-widget-wrap elementor-element-populated\">\n\t\t\t\t\t\t<div class=\"elementor-element elementor-element-851a341 elementor-widget elementor-widget-text-editor\" data-id=\"851a341\" data-element_type=\"widget\" data-e-type=\"widget\" data-widget_type=\"text-editor.default\">\n\t\t\t\t<div class=\"elementor-widget-container\">\n\t\t\t\t\t\t\t\t\t<p><strong>Wahlen:<\/strong><\/p>\t\t\t\t\t\t\t\t<\/div>\n\t\t\t\t<\/div>\n\t\t\t\t\t<\/div>\n\t\t<\/div>\n\t\t\t\t<div class=\"elementor-column elementor-col-50 elementor-inner-column elementor-element elementor-element-66d5ce6\" data-id=\"66d5ce6\" data-element_type=\"column\" data-e-type=\"column\">\n\t\t\t<div class=\"elementor-widget-wrap elementor-element-populated\">\n\t\t\t\t\t\t<div class=\"elementor-element elementor-element-24857f2 elementor-widget elementor-widget-text-editor\" data-id=\"24857f2\" data-element_type=\"widget\" data-e-type=\"widget\" data-widget_type=\"text-editor.default\">\n\t\t\t\t<div class=\"elementor-widget-container\">\n\t\t\t\t\t\t\t\t\t<p>Der gesch\u00e4ftsf\u00fchrende Vorstand wurde wiedergew\u00e4hlt:<br \/>1. Vorsitzender Karl-Heinz Krau\u00df<br \/>2. Vorsitzende Irene Dray\u00df<br \/>Gesch\u00e4ftsf\u00fchrer Eberhard Rimann<br \/>Kassenwart Armin Matthie\u00dfen<\/p>\t\t\t\t\t\t\t\t<\/div>\n\t\t\t\t<\/div>\n\t\t\t\t\t<\/div>\n\t\t<\/div>\n\t\t\t\t\t<\/div>\n\t\t<\/section>\n\t\t\t\t\t<\/div>\n\t\t<\/div>\n\t\t\t\t\t<\/div>\n\t\t<\/section>\n\t\t\t\t<section class=\"elementor-section elementor-top-section elementor-element elementor-element-8dcbad9 elementor-section-boxed elementor-section-height-default elementor-section-height-default\" data-id=\"8dcbad9\" data-element_type=\"section\" data-e-type=\"section\">\n\t\t\t\t\t\t<div class=\"elementor-container elementor-column-gap-default\">\n\t\t\t\t\t<div class=\"elementor-column elementor-col-100 elementor-top-column elementor-element elementor-element-0ac8f65\" data-id=\"0ac8f65\" data-element_type=\"column\" data-e-type=\"column\">\n\t\t\t<div class=\"elementor-widget-wrap elementor-element-populated\">\n\t\t\t\t\t\t<section class=\"elementor-section elementor-inner-section elementor-element elementor-element-ae7f525 elementor-section-boxed elementor-section-height-default elementor-section-height-default\" data-id=\"ae7f525\" data-element_type=\"section\" data-e-type=\"section\">\n\t\t\t\t\t\t<div class=\"elementor-container elementor-column-gap-default\">\n\t\t\t\t\t<div class=\"elementor-column elementor-col-50 elementor-inner-column elementor-element elementor-element-abc85e1\" data-id=\"abc85e1\" data-element_type=\"column\" data-e-type=\"column\">\n\t\t\t<div class=\"elementor-widget-wrap elementor-element-populated\">\n\t\t\t\t\t\t<div class=\"elementor-element elementor-element-c71bb38 elementor-align-center elementor-widget elementor-widget-button\" data-id=\"c71bb38\" data-element_type=\"widget\" data-e-type=\"widget\" data-widget_type=\"button.default\">\n\t\t\t\t<div class=\"elementor-widget-container\">\n\t\t\t\t\t\t\t\t\t<div class=\"elementor-button-wrapper\">\n\t\t\t\t\t<a class=\"elementor-button elementor-button-link elementor-size-sm\" href=\"https:\/\/tvheppenheim.de\/wp-content\/uploads\/2021\/08\/2021-06-28-Praesentation-TVH-Mitgliederversammlung.pdf\" target=\"_blank\">\n\t\t\t\t\t\t<span class=\"elementor-button-content-wrapper\">\n\t\t\t\t\t\t\t\t\t<span class=\"elementor-button-text\">TVH-Pr\u00e4sentation 2021<\/span>\n\t\t\t\t\t<\/span>\n\t\t\t\t\t<\/a>\n\t\t\t\t<\/div>\n\t\t\t\t\t\t\t\t<\/div>\n\t\t\t\t<\/div>\n\t\t\t\t\t<\/div>\n\t\t<\/div>\n\t\t\t\t<div class=\"elementor-column elementor-col-50 elementor-inner-column elementor-element elementor-element-2fef085\" data-id=\"2fef085\" data-element_type=\"column\" data-e-type=\"column\">\n\t\t\t<div class=\"elementor-widget-wrap elementor-element-populated\">\n\t\t\t\t\t\t<div class=\"elementor-element elementor-element-c228f76 elementor-align-center elementor-widget elementor-widget-button\" data-id=\"c228f76\" data-element_type=\"widget\" data-e-type=\"widget\" data-widget_type=\"button.default\">\n\t\t\t\t<div class=\"elementor-widget-container\">\n\t\t\t\t\t\t\t\t\t<div class=\"elementor-button-wrapper\">\n\t\t\t\t\t<a class=\"elementor-button elementor-button-link elementor-size-sm\" href=\"https:\/\/tvheppenheim.de\/wp-content\/uploads\/2021\/08\/2021-06-28-Protokoll-zur-TVH-Mitgliederversammlung.pdf\" target=\"_blank\">\n\t\t\t\t\t\t<span class=\"elementor-button-content-wrapper\">\n\t\t\t\t\t\t\t\t\t<span class=\"elementor-button-text\">TVH-Protokoll 2021<\/span>\n\t\t\t\t\t<\/span>\n\t\t\t\t\t<\/a>\n\t\t\t\t<\/div>\n\t\t\t\t\t\t\t\t<\/div>\n\t\t\t\t<\/div>\n\t\t\t\t\t<\/div>\n\t\t<\/div>\n\t\t\t\t\t<\/div>\n\t\t<\/section>\n\t\t\t\t\t<\/div>\n\t\t<\/div>\n\t\t\t\t\t<\/div>\n\t\t<\/section>\n\t\t\t\t<\/div>\n\t\t","protected":false},"excerpt":{"rendered":"<p>Hallo liebe TVHler,wir hatten am Mo. den 28.06.2021 die Mitgliederversammlung des TV Heppenheim, coronabedingt in der Halle am Starkenburggymnasium. Folgende Wahlen sind erfolgt: Entlastungen: Kassenwart und gesch\u00e4ftsf\u00fchrender Vorstand wurden f\u00fcr die Jahre 2019 und 2020 entlastet. Wahlen: Der gesch\u00e4ftsf\u00fchrende Vorstand wurde wiedergew\u00e4hlt:1. Vorsitzender Karl-Heinz Krau\u00df2. Vorsitzende Irene Dray\u00dfGesch\u00e4ftsf\u00fchrer Eberhard RimannKassenwart Armin Matthie\u00dfen TVH-Pr\u00e4sentation 2021 TVH-Protokoll [&hellip;]<\/p>\n","protected":false},"author":2,"featured_media":212,"comment_status":"closed","ping_status":"closed","sticky":false,"template":"","format":"standard","meta":{"ocean_post_layout":"","ocean_both_sidebars_style":"","ocean_both_sidebars_content_width":0,"ocean_both_sidebars_sidebars_width":0,"ocean_sidebar":"0","ocean_second_sidebar":"0","ocean_disable_margins":"enable","ocean_add_body_class":"","ocean_shortcode_before_top_bar":"","ocean_shortcode_after_top_bar":"","ocean_shortcode_before_header":"","ocean_shortcode_after_header":"","ocean_has_shortcode":"","ocean_shortcode_after_title":"","ocean_shortcode_before_footer_widgets":"","ocean_shortcode_after_footer_widgets":"","ocean_shortcode_before_footer_bottom":"","ocean_shortcode_after_footer_bottom":"","ocean_display_top_bar":"default","ocean_display_header":"default","ocean_header_style":"","ocean_center_header_left_menu":"0","ocean_custom_header_template":"0","ocean_custom_logo":0,"ocean_custom_retina_logo":0,"ocean_custom_logo_max_width":0,"ocean_custom_logo_tablet_max_width":0,"ocean_custom_logo_mobile_max_width":0,"ocean_custom_logo_max_height":0,"ocean_custom_logo_tablet_max_height":0,"ocean_custom_logo_mobile_max_height":0,"ocean_header_custom_menu":"0","ocean_menu_typo_font_family":"0","ocean_menu_typo_font_subset":"","ocean_menu_typo_font_size":0,"ocean_menu_typo_font_size_tablet":0,"ocean_menu_typo_font_size_mobile":0,"ocean_menu_typo_font_size_unit":"px","ocean_menu_typo_font_weight":"","ocean_menu_typo_font_weight_tablet":"","ocean_menu_typo_font_weight_mobile":"","ocean_menu_typo_transform":"","ocean_menu_typo_transform_tablet":"","ocean_menu_typo_transform_mobile":"","ocean_menu_typo_line_height":0,"ocean_menu_typo_line_height_tablet":0,"ocean_menu_typo_line_height_mobile":0,"ocean_menu_typo_line_height_unit":"","ocean_menu_typo_spacing":0,"ocean_menu_typo_spacing_tablet":0,"ocean_menu_typo_spacing_mobile":0,"ocean_menu_typo_spacing_unit":"","ocean_menu_link_color":"","ocean_menu_link_color_hover":"","ocean_menu_link_color_active":"","ocean_menu_link_background":"","ocean_menu_link_hover_background":"","ocean_menu_link_active_background":"","ocean_menu_social_links_bg":"","ocean_menu_social_hover_links_bg":"","ocean_menu_social_links_color":"","ocean_menu_social_hover_links_color":"","ocean_disable_title":"default","ocean_disable_heading":"default","ocean_post_title":"","ocean_post_subheading":"","ocean_post_title_style":"","ocean_post_title_background_color":"","ocean_post_title_background":0,"ocean_post_title_bg_image_position":"","ocean_post_title_bg_image_attachment":"","ocean_post_title_bg_image_repeat":"","ocean_post_title_bg_image_size":"","ocean_post_title_height":0,"ocean_post_title_bg_overlay":0.5,"ocean_post_title_bg_overlay_color":"","ocean_disable_breadcrumbs":"default","ocean_breadcrumbs_color":"","ocean_breadcrumbs_separator_color":"","ocean_breadcrumbs_links_color":"","ocean_breadcrumbs_links_hover_color":"","ocean_display_footer_widgets":"default","ocean_display_footer_bottom":"default","ocean_custom_footer_template":"0","ofc_meta_disable_footer_callout":"","ofc_meta_callout_button_url":"","ofc_meta_callout_button_txt":"","ofc_meta_callout_text":"","ofc_enable_fullscreen":"disable","ofc_fullscreen_speed":0,"ofc_fullscreen_nav":"enable","ofc_fullscreen_nav_pos":"right","ofc_fullscreen_nav_color":"","ofc_fullscreen_nav_tooltip_color":"","ofc_fullscreen_responsive":0,"osp_disable_panel":"default","osh_disable_topbar_sticky":"default","osh_disable_header_sticky":"default","osh_sticky_header_style":"default","osh_sticky_header_effect":"","osh_custom_sticky_logo":0,"osh_custom_retina_sticky_logo":0,"osh_custom_sticky_logo_height":0,"osh_background_color":"","osh_links_color":"","osh_links_hover_color":"","osh_links_active_color":"","osh_links_bg_color":"","osh_links_hover_bg_color":"","osh_links_active_bg_color":"","osh_menu_social_links_color":"","osh_menu_social_hover_links_color":"","ocean_post_oembed":"","ocean_post_self_hosted_media":"","ocean_post_video_embed":"","ocean_link_format":"","ocean_link_format_target":"self","ocean_quote_format":"","ocean_quote_format_link":"post","ocean_gallery_link_images":"off","ocean_gallery_id":[],"footnotes":""},"categories":[1],"tags":[],"class_list":["post-1529","post","type-post","status-publish","format-standard","has-post-thumbnail","hentry","category-allgemein","entry","has-media"],"yoast_head":"<!-- This site is optimized with the Yoast SEO plugin v27.3 - https:\/\/yoast.com\/product\/yoast-seo-wordpress\/ -->\n<title>Protokoll und Wahlen der Mitgliederversammlung - TV Heppenheim<\/title>\n<meta name=\"robots\" content=\"index, follow, max-snippet:-1, max-image-preview:large, max-video-preview:-1\" \/>\n<link rel=\"canonical\" href=\"https:\/\/tvheppenheim.de\/?p=1529\" \/>\n<meta property=\"og:locale\" content=\"de_DE\" \/>\n<meta property=\"og:type\" content=\"article\" \/>\n<meta property=\"og:title\" content=\"Protokoll und Wahlen der Mitgliederversammlung - TV Heppenheim\" \/>\n<meta property=\"og:description\" content=\"Hallo liebe TVHler,wir hatten am Mo. den 28.06.2021 die Mitgliederversammlung des TV Heppenheim, coronabedingt in der Halle am Starkenburggymnasium. Folgende Wahlen sind erfolgt: Entlastungen: Kassenwart und gesch\u00e4ftsf\u00fchrender Vorstand wurden f\u00fcr die Jahre 2019 und 2020 entlastet. Wahlen: Der gesch\u00e4ftsf\u00fchrende Vorstand wurde wiedergew\u00e4hlt:1. Vorsitzender Karl-Heinz Krau\u00df2. Vorsitzende Irene Dray\u00dfGesch\u00e4ftsf\u00fchrer Eberhard RimannKassenwart Armin Matthie\u00dfen TVH-Pr\u00e4sentation 2021 TVH-Protokoll [&hellip;]\" \/>\n<meta property=\"og:url\" content=\"https:\/\/tvheppenheim.de\/?p=1529\" \/>\n<meta property=\"og:site_name\" content=\"TV Heppenheim\" \/>\n<meta property=\"article:published_time\" content=\"2021-08-04T08:57:21+00:00\" \/>\n<meta property=\"article:modified_time\" content=\"2021-08-04T09:22:04+00:00\" \/>\n<meta property=\"og:image\" content=\"https:\/\/tvheppenheim.de\/wp-content\/uploads\/2021\/01\/TVH_Wappen_negativ_rgb.png\" \/>\n\t<meta property=\"og:image:width\" content=\"1200\" \/>\n\t<meta property=\"og:image:height\" content=\"466\" \/>\n\t<meta property=\"og:image:type\" content=\"image\/png\" \/>\n<meta name=\"author\" content=\"Armin\" \/>\n<meta name=\"twitter:card\" content=\"summary_large_image\" \/>\n<meta name=\"twitter:label1\" content=\"Verfasst von\" \/>\n\t<meta name=\"twitter:data1\" content=\"Armin\" \/>\n\t<meta name=\"twitter:label2\" content=\"Gesch\u00e4tzte Lesezeit\" \/>\n\t<meta name=\"twitter:data2\" content=\"1\u00a0Minute\" \/>\n<script type=\"application\/ld+json\" class=\"yoast-schema-graph\">{\"@context\":\"https:\\\/\\\/schema.org\",\"@graph\":[{\"@type\":\"Article\",\"@id\":\"https:\\\/\\\/tvheppenheim.de\\\/?p=1529#article\",\"isPartOf\":{\"@id\":\"https:\\\/\\\/tvheppenheim.de\\\/?p=1529\"},\"author\":{\"name\":\"Armin\",\"@id\":\"https:\\\/\\\/tvheppenheim.de\\\/#\\\/schema\\\/person\\\/9a0debd2d9e58b884ab39dfa45f7b911\"},\"headline\":\"Protokoll und Wahlen der Mitgliederversammlung\",\"datePublished\":\"2021-08-04T08:57:21+00:00\",\"dateModified\":\"2021-08-04T09:22:04+00:00\",\"mainEntityOfPage\":{\"@id\":\"https:\\\/\\\/tvheppenheim.de\\\/?p=1529\"},\"wordCount\":68,\"publisher\":{\"@id\":\"https:\\\/\\\/tvheppenheim.de\\\/#organization\"},\"image\":{\"@id\":\"https:\\\/\\\/tvheppenheim.de\\\/?p=1529#primaryimage\"},\"thumbnailUrl\":\"https:\\\/\\\/tvheppenheim.de\\\/wp-content\\\/uploads\\\/2021\\\/01\\\/TVH_Wappen_negativ_rgb.png\",\"inLanguage\":\"de\"},{\"@type\":\"WebPage\",\"@id\":\"https:\\\/\\\/tvheppenheim.de\\\/?p=1529\",\"url\":\"https:\\\/\\\/tvheppenheim.de\\\/?p=1529\",\"name\":\"Protokoll und Wahlen der Mitgliederversammlung - TV Heppenheim\",\"isPartOf\":{\"@id\":\"https:\\\/\\\/tvheppenheim.de\\\/#website\"},\"primaryImageOfPage\":{\"@id\":\"https:\\\/\\\/tvheppenheim.de\\\/?p=1529#primaryimage\"},\"image\":{\"@id\":\"https:\\\/\\\/tvheppenheim.de\\\/?p=1529#primaryimage\"},\"thumbnailUrl\":\"https:\\\/\\\/tvheppenheim.de\\\/wp-content\\\/uploads\\\/2021\\\/01\\\/TVH_Wappen_negativ_rgb.png\",\"datePublished\":\"2021-08-04T08:57:21+00:00\",\"dateModified\":\"2021-08-04T09:22:04+00:00\",\"breadcrumb\":{\"@id\":\"https:\\\/\\\/tvheppenheim.de\\\/?p=1529#breadcrumb\"},\"inLanguage\":\"de\",\"potentialAction\":[{\"@type\":\"ReadAction\",\"target\":[\"https:\\\/\\\/tvheppenheim.de\\\/?p=1529\"]}]},{\"@type\":\"ImageObject\",\"inLanguage\":\"de\",\"@id\":\"https:\\\/\\\/tvheppenheim.de\\\/?p=1529#primaryimage\",\"url\":\"https:\\\/\\\/tvheppenheim.de\\\/wp-content\\\/uploads\\\/2021\\\/01\\\/TVH_Wappen_negativ_rgb.png\",\"contentUrl\":\"https:\\\/\\\/tvheppenheim.de\\\/wp-content\\\/uploads\\\/2021\\\/01\\\/TVH_Wappen_negativ_rgb.png\",\"width\":1200,\"height\":466},{\"@type\":\"BreadcrumbList\",\"@id\":\"https:\\\/\\\/tvheppenheim.de\\\/?p=1529#breadcrumb\",\"itemListElement\":[{\"@type\":\"ListItem\",\"position\":1,\"name\":\"Startseite\",\"item\":\"https:\\\/\\\/tvheppenheim.de\\\/\"},{\"@type\":\"ListItem\",\"position\":2,\"name\":\"Protokoll und Wahlen der Mitgliederversammlung\"}]},{\"@type\":\"WebSite\",\"@id\":\"https:\\\/\\\/tvheppenheim.de\\\/#website\",\"url\":\"https:\\\/\\\/tvheppenheim.de\\\/\",\"name\":\"TV Heppenheim\",\"description\":\"\",\"publisher\":{\"@id\":\"https:\\\/\\\/tvheppenheim.de\\\/#organization\"},\"potentialAction\":[{\"@type\":\"SearchAction\",\"target\":{\"@type\":\"EntryPoint\",\"urlTemplate\":\"https:\\\/\\\/tvheppenheim.de\\\/?s={search_term_string}\"},\"query-input\":{\"@type\":\"PropertyValueSpecification\",\"valueRequired\":true,\"valueName\":\"search_term_string\"}}],\"inLanguage\":\"de\"},{\"@type\":\"Organization\",\"@id\":\"https:\\\/\\\/tvheppenheim.de\\\/#organization\",\"name\":\"TV Heppenheim\",\"url\":\"https:\\\/\\\/tvheppenheim.de\\\/\",\"logo\":{\"@type\":\"ImageObject\",\"inLanguage\":\"de\",\"@id\":\"https:\\\/\\\/tvheppenheim.de\\\/#\\\/schema\\\/logo\\\/image\\\/\",\"url\":\"https:\\\/\\\/tvheppenheim.de\\\/wp-content\\\/uploads\\\/2021\\\/05\\\/TVH_Header_hell_mit_Starkenburg_gesamt_dunkler_Kopf.png\",\"contentUrl\":\"https:\\\/\\\/tvheppenheim.de\\\/wp-content\\\/uploads\\\/2021\\\/05\\\/TVH_Header_hell_mit_Starkenburg_gesamt_dunkler_Kopf.png\",\"width\":1200,\"height\":124,\"caption\":\"TV Heppenheim\"},\"image\":{\"@id\":\"https:\\\/\\\/tvheppenheim.de\\\/#\\\/schema\\\/logo\\\/image\\\/\"}},{\"@type\":\"Person\",\"@id\":\"https:\\\/\\\/tvheppenheim.de\\\/#\\\/schema\\\/person\\\/9a0debd2d9e58b884ab39dfa45f7b911\",\"name\":\"Armin\",\"image\":{\"@type\":\"ImageObject\",\"inLanguage\":\"de\",\"@id\":\"https:\\\/\\\/secure.gravatar.com\\\/avatar\\\/27f36dc256a28955fbe6ec8d72f6f92b0ef4b6b0d9e2280f6adb8dd7a96e1ffe?s=96&d=mm&r=g\",\"url\":\"https:\\\/\\\/secure.gravatar.com\\\/avatar\\\/27f36dc256a28955fbe6ec8d72f6f92b0ef4b6b0d9e2280f6adb8dd7a96e1ffe?s=96&d=mm&r=g\",\"contentUrl\":\"https:\\\/\\\/secure.gravatar.com\\\/avatar\\\/27f36dc256a28955fbe6ec8d72f6f92b0ef4b6b0d9e2280f6adb8dd7a96e1ffe?s=96&d=mm&r=g\",\"caption\":\"Armin\"},\"url\":\"https:\\\/\\\/tvheppenheim.de\\\/?author=2\"}]}<\/script>\n<!-- \/ Yoast SEO plugin. -->","yoast_head_json":{"title":"Protokoll und Wahlen der Mitgliederversammlung - TV Heppenheim","robots":{"index":"index","follow":"follow","max-snippet":"max-snippet:-1","max-image-preview":"max-image-preview:large","max-video-preview":"max-video-preview:-1"},"canonical":"https:\/\/tvheppenheim.de\/?p=1529","og_locale":"de_DE","og_type":"article","og_title":"Protokoll und Wahlen der Mitgliederversammlung - TV Heppenheim","og_description":"Hallo liebe TVHler,wir hatten am Mo. den 28.06.2021 die Mitgliederversammlung des TV Heppenheim, coronabedingt in der Halle am Starkenburggymnasium. Folgende Wahlen sind erfolgt: Entlastungen: Kassenwart und gesch\u00e4ftsf\u00fchrender Vorstand wurden f\u00fcr die Jahre 2019 und 2020 entlastet. Wahlen: Der gesch\u00e4ftsf\u00fchrende Vorstand wurde wiedergew\u00e4hlt:1. Vorsitzender Karl-Heinz Krau\u00df2. Vorsitzende Irene Dray\u00dfGesch\u00e4ftsf\u00fchrer Eberhard RimannKassenwart Armin Matthie\u00dfen TVH-Pr\u00e4sentation 2021 TVH-Protokoll [&hellip;]","og_url":"https:\/\/tvheppenheim.de\/?p=1529","og_site_name":"TV Heppenheim","article_published_time":"2021-08-04T08:57:21+00:00","article_modified_time":"2021-08-04T09:22:04+00:00","og_image":[{"width":1200,"height":466,"url":"https:\/\/tvheppenheim.de\/wp-content\/uploads\/2021\/01\/TVH_Wappen_negativ_rgb.png","type":"image\/png"}],"author":"Armin","twitter_card":"summary_large_image","twitter_misc":{"Verfasst von":"Armin","Gesch\u00e4tzte Lesezeit":"1\u00a0Minute"},"schema":{"@context":"https:\/\/schema.org","@graph":[{"@type":"Article","@id":"https:\/\/tvheppenheim.de\/?p=1529#article","isPartOf":{"@id":"https:\/\/tvheppenheim.de\/?p=1529"},"author":{"name":"Armin","@id":"https:\/\/tvheppenheim.de\/#\/schema\/person\/9a0debd2d9e58b884ab39dfa45f7b911"},"headline":"Protokoll und Wahlen der Mitgliederversammlung","datePublished":"2021-08-04T08:57:21+00:00","dateModified":"2021-08-04T09:22:04+00:00","mainEntityOfPage":{"@id":"https:\/\/tvheppenheim.de\/?p=1529"},"wordCount":68,"publisher":{"@id":"https:\/\/tvheppenheim.de\/#organization"},"image":{"@id":"https:\/\/tvheppenheim.de\/?p=1529#primaryimage"},"thumbnailUrl":"https:\/\/tvheppenheim.de\/wp-content\/uploads\/2021\/01\/TVH_Wappen_negativ_rgb.png","inLanguage":"de"},{"@type":"WebPage","@id":"https:\/\/tvheppenheim.de\/?p=1529","url":"https:\/\/tvheppenheim.de\/?p=1529","name":"Protokoll und Wahlen der Mitgliederversammlung - TV Heppenheim","isPartOf":{"@id":"https:\/\/tvheppenheim.de\/#website"},"primaryImageOfPage":{"@id":"https:\/\/tvheppenheim.de\/?p=1529#primaryimage"},"image":{"@id":"https:\/\/tvheppenheim.de\/?p=1529#primaryimage"},"thumbnailUrl":"https:\/\/tvheppenheim.de\/wp-content\/uploads\/2021\/01\/TVH_Wappen_negativ_rgb.png","datePublished":"2021-08-04T08:57:21+00:00","dateModified":"2021-08-04T09:22:04+00:00","breadcrumb":{"@id":"https:\/\/tvheppenheim.de\/?p=1529#breadcrumb"},"inLanguage":"de","potentialAction":[{"@type":"ReadAction","target":["https:\/\/tvheppenheim.de\/?p=1529"]}]},{"@type":"ImageObject","inLanguage":"de","@id":"https:\/\/tvheppenheim.de\/?p=1529#primaryimage","url":"https:\/\/tvheppenheim.de\/wp-content\/uploads\/2021\/01\/TVH_Wappen_negativ_rgb.png","contentUrl":"https:\/\/tvheppenheim.de\/wp-content\/uploads\/2021\/01\/TVH_Wappen_negativ_rgb.png","width":1200,"height":466},{"@type":"BreadcrumbList","@id":"https:\/\/tvheppenheim.de\/?p=1529#breadcrumb","itemListElement":[{"@type":"ListItem","position":1,"name":"Startseite","item":"https:\/\/tvheppenheim.de\/"},{"@type":"ListItem","position":2,"name":"Protokoll und Wahlen der Mitgliederversammlung"}]},{"@type":"WebSite","@id":"https:\/\/tvheppenheim.de\/#website","url":"https:\/\/tvheppenheim.de\/","name":"TV Heppenheim","description":"","publisher":{"@id":"https:\/\/tvheppenheim.de\/#organization"},"potentialAction":[{"@type":"SearchAction","target":{"@type":"EntryPoint","urlTemplate":"https:\/\/tvheppenheim.de\/?s={search_term_string}"},"query-input":{"@type":"PropertyValueSpecification","valueRequired":true,"valueName":"search_term_string"}}],"inLanguage":"de"},{"@type":"Organization","@id":"https:\/\/tvheppenheim.de\/#organization","name":"TV Heppenheim","url":"https:\/\/tvheppenheim.de\/","logo":{"@type":"ImageObject","inLanguage":"de","@id":"https:\/\/tvheppenheim.de\/#\/schema\/logo\/image\/","url":"https:\/\/tvheppenheim.de\/wp-content\/uploads\/2021\/05\/TVH_Header_hell_mit_Starkenburg_gesamt_dunkler_Kopf.png","contentUrl":"https:\/\/tvheppenheim.de\/wp-content\/uploads\/2021\/05\/TVH_Header_hell_mit_Starkenburg_gesamt_dunkler_Kopf.png","width":1200,"height":124,"caption":"TV Heppenheim"},"image":{"@id":"https:\/\/tvheppenheim.de\/#\/schema\/logo\/image\/"}},{"@type":"Person","@id":"https:\/\/tvheppenheim.de\/#\/schema\/person\/9a0debd2d9e58b884ab39dfa45f7b911","name":"Armin","image":{"@type":"ImageObject","inLanguage":"de","@id":"https:\/\/secure.gravatar.com\/avatar\/27f36dc256a28955fbe6ec8d72f6f92b0ef4b6b0d9e2280f6adb8dd7a96e1ffe?s=96&d=mm&r=g","url":"https:\/\/secure.gravatar.com\/avatar\/27f36dc256a28955fbe6ec8d72f6f92b0ef4b6b0d9e2280f6adb8dd7a96e1ffe?s=96&d=mm&r=g","contentUrl":"https:\/\/secure.gravatar.com\/avatar\/27f36dc256a28955fbe6ec8d72f6f92b0ef4b6b0d9e2280f6adb8dd7a96e1ffe?s=96&d=mm&r=g","caption":"Armin"},"url":"https:\/\/tvheppenheim.de\/?author=2"}]}},"_links":{"self":[{"href":"https:\/\/tvheppenheim.de\/index.php?rest_route=\/wp\/v2\/posts\/1529","targetHints":{"allow":["GET"]}}],"collection":[{"href":"https:\/\/tvheppenheim.de\/index.php?rest_route=\/wp\/v2\/posts"}],"about":[{"href":"https:\/\/tvheppenheim.de\/index.php?rest_route=\/wp\/v2\/types\/post"}],"author":[{"embeddable":true,"href":"https:\/\/tvheppenheim.de\/index.php?rest_route=\/wp\/v2\/users\/2"}],"replies":[{"embeddable":true,"href":"https:\/\/tvheppenheim.de\/index.php?rest_route=%2Fwp%2Fv2%2Fcomments&post=1529"}],"version-history":[{"count":7,"href":"https:\/\/tvheppenheim.de\/index.php?rest_route=\/wp\/v2\/posts\/1529\/revisions"}],"predecessor-version":[{"id":1538,"href":"https:\/\/tvheppenheim.de\/index.php?rest_route=\/wp\/v2\/posts\/1529\/revisions\/1538"}],"wp:featuredmedia":[{"embeddable":true,"href":"https:\/\/tvheppenheim.de\/index.php?rest_route=\/wp\/v2\/media\/212"}],"wp:attachment":[{"href":"https:\/\/tvheppenheim.de\/index.php?rest_route=%2Fwp%2Fv2%2Fmedia&parent=1529"}],"wp:term":[{"taxonomy":"category","embeddable":true,"href":"https:\/\/tvheppenheim.de\/index.php?rest_route=%2Fwp%2Fv2%2Fcategories&post=1529"},{"taxonomy":"post_tag","embeddable":true,"href":"https:\/\/tvheppenheim.de\/index.php?rest_route=%2Fwp%2Fv2%2Ftags&post=1529"}],"curies":[{"name":"wp","href":"https:\/\/api.w.org\/{rel}","templated":true}]}}