{"id":1629,"date":"2021-08-22T15:24:33","date_gmt":"2021-08-22T13:24:33","guid":{"rendered":"https:\/\/tvheppenheim.de\/?p=1629"},"modified":"2022-05-18T16:21:53","modified_gmt":"2022-05-18T14:21:53","slug":"corona-update-vom-20-08-2021","status":"publish","type":"post","link":"https:\/\/tvheppenheim.de\/?p=1629","title":{"rendered":"Corona-Update vom 20.08.2021"},"content":{"rendered":"\t\t<div data-elementor-type=\"wp-post\" data-elementor-id=\"1629\" class=\"elementor elementor-1629\" data-elementor-post-type=\"post\">\n\t\t\t\t\t\t<section class=\"elementor-section elementor-top-section elementor-element elementor-element-6d87df0 elementor-section-boxed elementor-section-height-default elementor-section-height-default\" data-id=\"6d87df0\" data-element_type=\"section\" data-e-type=\"section\">\n\t\t\t\t\t\t<div class=\"elementor-container elementor-column-gap-default\">\n\t\t\t\t\t<div class=\"elementor-column elementor-col-100 elementor-top-column elementor-element elementor-element-ddeb431\" data-id=\"ddeb431\" data-element_type=\"column\" data-e-type=\"column\">\n\t\t\t<div class=\"elementor-widget-wrap elementor-element-populated\">\n\t\t\t\t\t\t<div class=\"elementor-element elementor-element-89f8567 elementor-widget elementor-widget-heading\" data-id=\"89f8567\" data-element_type=\"widget\" data-e-type=\"widget\" data-widget_type=\"heading.default\">\n\t\t\t\t<div class=\"elementor-widget-container\">\n\t\t\t\t\t<h2 class=\"elementor-heading-title elementor-size-default\">Ma\u00dfnahmen wegen der \u00dcberschreitung der Inzidenzwerte von 35 bzw. 50<\/h2>\t\t\t\t<\/div>\n\t\t\t\t<\/div>\n\t\t\t\t\t<\/div>\n\t\t<\/div>\n\t\t\t\t\t<\/div>\n\t\t<\/section>\n\t\t\t\t<section class=\"elementor-section elementor-top-section elementor-element elementor-element-9c58db9 elementor-section-boxed elementor-section-height-default elementor-section-height-default\" data-id=\"9c58db9\" data-element_type=\"section\" data-e-type=\"section\">\n\t\t\t\t\t\t<div class=\"elementor-container elementor-column-gap-default\">\n\t\t\t\t\t<div class=\"elementor-column elementor-col-100 elementor-top-column elementor-element elementor-element-e11f2fe\" data-id=\"e11f2fe\" data-element_type=\"column\" data-e-type=\"column\">\n\t\t\t<div class=\"elementor-widget-wrap elementor-element-populated\">\n\t\t\t\t\t\t<div class=\"elementor-element elementor-element-aaee5ba elementor-widget elementor-widget-text-editor\" data-id=\"aaee5ba\" data-element_type=\"widget\" data-e-type=\"widget\" data-widget_type=\"text-editor.default\">\n\t\t\t\t<div class=\"elementor-widget-container\">\n\t\t\t\t\t\t\t\t\t<p>Seit letzter Wochen sind die Inzidenzwerte stark angestiegen. Aus diesem Anlass hat der der Kreis Bergstrasse neue Allgemeinverf\u00fcgungen zur Eind\u00e4mmung der Inzidenz erlassen:<\/p>\t\t\t\t\t\t\t\t<\/div>\n\t\t\t\t<\/div>\n\t\t\t\t\t<\/div>\n\t\t<\/div>\n\t\t\t\t\t<\/div>\n\t\t<\/section>\n\t\t\t\t<section class=\"elementor-section elementor-top-section elementor-element elementor-element-64b8865 elementor-section-boxed elementor-section-height-default elementor-section-height-default\" data-id=\"64b8865\" data-element_type=\"section\" data-e-type=\"section\">\n\t\t\t\t\t\t<div class=\"elementor-container elementor-column-gap-default\">\n\t\t\t\t\t<div class=\"elementor-column elementor-col-100 elementor-top-column elementor-element elementor-element-ffc51c6\" data-id=\"ffc51c6\" data-element_type=\"column\" data-e-type=\"column\">\n\t\t\t<div class=\"elementor-widget-wrap elementor-element-populated\">\n\t\t\t\t\t\t<div class=\"elementor-element elementor-element-a3cbea7 elementor-widget elementor-widget-text-editor\" data-id=\"a3cbea7\" data-element_type=\"widget\" data-e-type=\"widget\" data-widget_type=\"text-editor.default\">\n\t\t\t\t<div class=\"elementor-widget-container\">\n\t\t\t\t\t\t\t\t\t<ul><li>Der Einlass in die Innenr\u00e4ume von Sportst\u00e4tten f\u00fcr Personen ab 6 Jahren ist nur mit Negativnachweis zul\u00e4ssig!<br \/>D.b. es ist eines folgender Nachweise erforderlich:<ul><li><strong>Impfnachweis<\/strong><\/li><li><strong>Gensenennachweis<\/strong><\/li><li><strong>Testnachweis<\/strong><\/li><\/ul><\/li><li>Ab Schulbeginn sind auch die Testhefte, die von der Schule ausgegeben werden als Nachweis verwendbar.<br \/>Wenn hier nur Antigen-Tests verwendet werden, gelten diese nur 24 Std. nach Durchf\u00fchrung.<\/li><li>F\u00fcr Personen die einen Negativtestnachweis ben\u00f6tigen, (dies gilt auch f\u00fcr Sch\u00fcler bis die Schule startet)<ul><li>kann ein Testnachweis (PCR) aus einem Testzentrum verwendet werden (max. 48 Std. alt) oder<\/li><li>es kann ein Selbsttest vor dem Training unter Aufsicht und Dokumentation durchf\u00fchrt werden.<\/li><\/ul><\/li><li>Laut hessischer Landesregierung gilt das nicht f\u00fcr Personen unter 6 Jahren. Allerdings empfehlen die BlackDogs, bei solchen Trainingseinheiten, die Teilnehmer ebenfalls nur mit Negativtest am Training teilnehmen zu lassen.<\/li><li>Grunds\u00e4tzlich ist es den Trainern \u00fcberlassen, wie sie das Risiko einsch\u00e4tzen.\u00a0<br \/>Das kann bedeuten,<ul><li>dass eventuell kein Training stattfinden<\/li><li>Training nur im Freien stattfindet<\/li><li>Training immer mit Test stattfindet<\/li><\/ul><\/li><\/ul>\t\t\t\t\t\t\t\t<\/div>\n\t\t\t\t<\/div>\n\t\t\t\t\t<\/div>\n\t\t<\/div>\n\t\t\t\t\t<\/div>\n\t\t<\/section>\n\t\t\t\t<section class=\"elementor-section elementor-top-section elementor-element elementor-element-08256ae elementor-section-boxed elementor-section-height-default elementor-section-height-default\" data-id=\"08256ae\" data-element_type=\"section\" data-e-type=\"section\">\n\t\t\t\t\t\t<div class=\"elementor-container elementor-column-gap-default\">\n\t\t\t\t\t<div class=\"elementor-column elementor-col-100 elementor-top-column elementor-element elementor-element-c2c4324\" data-id=\"c2c4324\" data-element_type=\"column\" data-e-type=\"column\">\n\t\t\t<div class=\"elementor-widget-wrap elementor-element-populated\">\n\t\t\t\t\t\t<div class=\"elementor-element elementor-element-41e1a51 elementor-widget elementor-widget-heading\" data-id=\"41e1a51\" data-element_type=\"widget\" data-e-type=\"widget\" data-widget_type=\"heading.default\">\n\t\t\t\t<div class=\"elementor-widget-container\">\n\t\t\t\t\t<h2 class=\"elementor-heading-title elementor-size-default\">Spiele und Veranstaltungen<\/h2>\t\t\t\t<\/div>\n\t\t\t\t<\/div>\n\t\t\t\t\t<\/div>\n\t\t<\/div>\n\t\t\t\t\t<\/div>\n\t\t<\/section>\n\t\t\t\t<section class=\"elementor-section elementor-top-section elementor-element elementor-element-e9e3f16 elementor-section-boxed elementor-section-height-default elementor-section-height-default\" data-id=\"e9e3f16\" data-element_type=\"section\" data-e-type=\"section\">\n\t\t\t\t\t\t<div class=\"elementor-container elementor-column-gap-default\">\n\t\t\t\t\t<div class=\"elementor-column elementor-col-100 elementor-top-column elementor-element elementor-element-912259b\" data-id=\"912259b\" data-element_type=\"column\" data-e-type=\"column\">\n\t\t\t<div class=\"elementor-widget-wrap elementor-element-populated\">\n\t\t\t\t\t\t<div class=\"elementor-element elementor-element-eceb772 elementor-widget elementor-widget-text-editor\" data-id=\"eceb772\" data-element_type=\"widget\" data-e-type=\"widget\" data-widget_type=\"text-editor.default\">\n\t\t\t\t<div class=\"elementor-widget-container\">\n\t\t\t\t\t\t\t\t\t<section class=\"elementor-section elementor-top-section elementor-element elementor-element-53d4d12 elementor-section-boxed elementor-section-height-default elementor-section-height-default\" data-id=\"53d4d12\" data-element_type=\"section\"><div class=\"elementor-container elementor-column-gap-default\"><div class=\"elementor-column elementor-col-100 elementor-top-column elementor-element elementor-element-168a8ee\" data-id=\"168a8ee\" data-element_type=\"column\"><div class=\"elementor-widget-wrap elementor-element-populated\"><div class=\"elementor-element elementor-element-1d3e76b elementor-widget elementor-widget-text-editor\" data-id=\"1d3e76b\" data-element_type=\"widget\" data-widget_type=\"text-editor.default\"><div class=\"elementor-widget-container\"><p>Bei Spielen und Veranstaltung w\u00e4hrend dieser Inzidenzwerte gelten folgende Bestimmungen:<\/p><ul><li>F\u00fcr die Einhaltung der 3G-Regeln aller am Spiel Teilnehmenden ist der Veranstalter zust\u00e4ndig. D.h. bei Heimspielen\/-veranstaltungen hat der Trainer das Hausrecht und muss sich von ALLEN Teilnehmenden den Negativnachweis vorzeigen lassen.<\/li><li>\u00a0Alle Teilnehmer m\u00fcssen f\u00fcr die Kontaktnachverfolgung identifiziert werden. (Luca-App Start pr\u00fcfen oder schriftliche Dokumentation).\u00a0<\/li><li>Das Hygienekonzept der entsprechenden Hallen (Abstand bei den Sitzpl\u00e4tzen, Eintritt \/ Austritt mit Maske, H\u00e4nde desinfizieren) muss eingehalten werden.<\/li><li>Die Pr\u00fcfung gilt auch f\u00fcr Zuschauer.<\/li><li>Die Trainer k\u00f6nnen Personen delegieren, die ihnen die Pr\u00fcfungsarbeit abnehmen.<\/li><\/ul><\/div><\/div><\/div><\/div><\/div><\/section><section class=\"elementor-section elementor-top-section elementor-element elementor-element-e7c15bb elementor-section-boxed elementor-section-height-default elementor-section-height-default\" data-id=\"e7c15bb\" data-element_type=\"section\"><div class=\"elementor-container elementor-column-gap-default\"><div class=\"elementor-column elementor-col-100 elementor-top-column elementor-element elementor-element-0fdb548\" data-id=\"0fdb548\" data-element_type=\"column\"><div class=\"elementor-widget-wrap elementor-element-populated\"><div class=\"elementor-element elementor-element-6f94850 elementor-widget elementor-widget-text-editor\" data-id=\"6f94850\" data-element_type=\"widget\" data-widget_type=\"text-editor.default\"><div class=\"elementor-widget-container\"><p>Weitere Informationen findet ihr auf den Seiten von:<br \/>der hessischen Landesregierung:<br \/><a href=\"https:\/\/www.hessen.de\/fuer-buerger\/corona-hessen\/verordnungen-und-allgemeinverfuegungen\" target=\"_blank\" rel=\"noopener\">https:\/\/www.hessen.de\/fuer-buerger\/corona-hessen\/verordnungen-und-allgemeinverfuegungen\u00a0<\/a><br \/><br \/><\/p><p>dem Landessportbund:<br \/><a href=\"https:\/\/www.landessportbund-hessen.de\/servicebereich\/news\/coronavirus\/\" target=\"_blank\" rel=\"noopener\">https:\/\/www.landessportbund-hessen.de\/servicebereich\/news\/coronavirus\/<\/a><\/p><p>Leider ist es immer noch eine schwere Zeit mit viel mehr Aufwand f\u00fcr Training und Sportveranstaltungen.<br \/>Alle Teilnehmer (Trainer, Spieler, Helfer und Zuschauer) bitte ich hierf\u00fcr um Verst\u00e4ndnis und die Trainer zu unterst\u00fctzen.<\/p><p>Bei Fragen kommt auf mich zu.<\/p><p>tvheppenheim@gmx.net<\/p><p>Viele Gr\u00fc\u00dfe<\/p><p>Armin Matthie\u00dfen<br \/>Hygienebeauftragter \/ TV Heppenheim<\/p><\/div><\/div><\/div><\/div><\/div><\/section>\t\t\t\t\t\t\t\t<\/div>\n\t\t\t\t<\/div>\n\t\t\t\t\t<\/div>\n\t\t<\/div>\n\t\t\t\t\t<\/div>\n\t\t<\/section>\n\t\t\t\t<\/div>\n\t\t","protected":false},"excerpt":{"rendered":"<p>Ma\u00dfnahmen wegen der \u00dcberschreitung der Inzidenzwerte von 35 bzw. 50 Seit letzter Wochen sind die Inzidenzwerte stark angestiegen. Aus diesem Anlass hat der der Kreis Bergstrasse neue Allgemeinverf\u00fcgungen zur Eind\u00e4mmung der Inzidenz erlassen: Der Einlass in die Innenr\u00e4ume von Sportst\u00e4tten f\u00fcr Personen ab 6 Jahren ist nur mit Negativnachweis zul\u00e4ssig! D.b. es ist eines folgender [&hellip;]<\/p>\n","protected":false},"author":2,"featured_media":533,"comment_status":"closed","ping_status":"closed","sticky":false,"template":"","format":"standard","meta":{"ocean_post_layout":"","ocean_both_sidebars_style":"","ocean_both_sidebars_content_width":0,"ocean_both_sidebars_sidebars_width":0,"ocean_sidebar":"0","ocean_second_sidebar":"0","ocean_disable_margins":"enable","ocean_add_body_class":"","ocean_shortcode_before_top_bar":"","ocean_shortcode_after_top_bar":"","ocean_shortcode_before_header":"","ocean_shortcode_after_header":"","ocean_has_shortcode":"","ocean_shortcode_after_title":"","ocean_shortcode_before_footer_widgets":"","ocean_shortcode_after_footer_widgets":"","ocean_shortcode_before_footer_bottom":"","ocean_shortcode_after_footer_bottom":"","ocean_display_top_bar":"default","ocean_display_header":"default","ocean_header_style":"","ocean_center_header_left_menu":"0","ocean_custom_header_template":"0","ocean_custom_logo":0,"ocean_custom_retina_logo":0,"ocean_custom_logo_max_width":0,"ocean_custom_logo_tablet_max_width":0,"ocean_custom_logo_mobile_max_width":0,"ocean_custom_logo_max_height":0,"ocean_custom_logo_tablet_max_height":0,"ocean_custom_logo_mobile_max_height":0,"ocean_header_custom_menu":"0","ocean_menu_typo_font_family":"0","ocean_menu_typo_font_subset":"","ocean_menu_typo_font_size":0,"ocean_menu_typo_font_size_tablet":0,"ocean_menu_typo_font_size_mobile":0,"ocean_menu_typo_font_size_unit":"px","ocean_menu_typo_font_weight":"","ocean_menu_typo_font_weight_tablet":"","ocean_menu_typo_font_weight_mobile":"","ocean_menu_typo_transform":"","ocean_menu_typo_transform_tablet":"","ocean_menu_typo_transform_mobile":"","ocean_menu_typo_line_height":0,"ocean_menu_typo_line_height_tablet":0,"ocean_menu_typo_line_height_mobile":0,"ocean_menu_typo_line_height_unit":"","ocean_menu_typo_spacing":0,"ocean_menu_typo_spacing_tablet":0,"ocean_menu_typo_spacing_mobile":0,"ocean_menu_typo_spacing_unit":"","ocean_menu_link_color":"","ocean_menu_link_color_hover":"","ocean_menu_link_color_active":"","ocean_menu_link_background":"","ocean_menu_link_hover_background":"","ocean_menu_link_active_background":"","ocean_menu_social_links_bg":"","ocean_menu_social_hover_links_bg":"","ocean_menu_social_links_color":"","ocean_menu_social_hover_links_color":"","ocean_disable_title":"default","ocean_disable_heading":"default","ocean_post_title":"","ocean_post_subheading":"","ocean_post_title_style":"","ocean_post_title_background_color":"","ocean_post_title_background":0,"ocean_post_title_bg_image_position":"","ocean_post_title_bg_image_attachment":"","ocean_post_title_bg_image_repeat":"","ocean_post_title_bg_image_size":"","ocean_post_title_height":0,"ocean_post_title_bg_overlay":0.5,"ocean_post_title_bg_overlay_color":"","ocean_disable_breadcrumbs":"default","ocean_breadcrumbs_color":"","ocean_breadcrumbs_separator_color":"","ocean_breadcrumbs_links_color":"","ocean_breadcrumbs_links_hover_color":"","ocean_display_footer_widgets":"default","ocean_display_footer_bottom":"default","ocean_custom_footer_template":"0","ofc_meta_disable_footer_callout":"","ofc_meta_callout_button_url":"","ofc_meta_callout_button_txt":"","ofc_meta_callout_text":"","ofc_enable_fullscreen":"disable","ofc_fullscreen_speed":0,"ofc_fullscreen_nav":"enable","ofc_fullscreen_nav_pos":"right","ofc_fullscreen_nav_color":"","ofc_fullscreen_nav_tooltip_color":"","ofc_fullscreen_responsive":0,"osp_disable_panel":"default","osh_disable_topbar_sticky":"default","osh_disable_header_sticky":"default","osh_sticky_header_style":"default","osh_sticky_header_effect":"","osh_custom_sticky_logo":0,"osh_custom_retina_sticky_logo":0,"osh_custom_sticky_logo_height":0,"osh_background_color":"","osh_links_color":"","osh_links_hover_color":"","osh_links_active_color":"","osh_links_bg_color":"","osh_links_hover_bg_color":"","osh_links_active_bg_color":"","osh_menu_social_links_color":"","osh_menu_social_hover_links_color":"","ocean_post_oembed":"","ocean_post_self_hosted_media":"","ocean_post_video_embed":"","ocean_link_format":"","ocean_link_format_target":"self","ocean_quote_format":"","ocean_quote_format_link":"post","ocean_gallery_link_images":"off","ocean_gallery_id":[],"footnotes":""},"categories":[1,46],"tags":[],"class_list":["post-1629","post","type-post","status-publish","format-standard","has-post-thumbnail","hentry","category-allgemein","category-corona","entry","has-media"],"yoast_head":"<!-- This site is optimized with the Yoast SEO plugin v27.3 - https:\/\/yoast.com\/product\/yoast-seo-wordpress\/ -->\n<title>Corona-Update vom 20.08.2021 - TV Heppenheim<\/title>\n<meta name=\"robots\" content=\"index, follow, max-snippet:-1, max-image-preview:large, max-video-preview:-1\" \/>\n<link rel=\"canonical\" href=\"https:\/\/tvheppenheim.de\/?p=1629\" \/>\n<meta property=\"og:locale\" content=\"de_DE\" \/>\n<meta property=\"og:type\" content=\"article\" \/>\n<meta property=\"og:title\" content=\"Corona-Update vom 20.08.2021 - TV Heppenheim\" \/>\n<meta property=\"og:description\" content=\"Ma\u00dfnahmen wegen der \u00dcberschreitung der Inzidenzwerte von 35 bzw. 50 Seit letzter Wochen sind die Inzidenzwerte stark angestiegen. Aus diesem Anlass hat der der Kreis Bergstrasse neue Allgemeinverf\u00fcgungen zur Eind\u00e4mmung der Inzidenz erlassen: Der Einlass in die Innenr\u00e4ume von Sportst\u00e4tten f\u00fcr Personen ab 6 Jahren ist nur mit Negativnachweis zul\u00e4ssig! D.b. es ist eines folgender [&hellip;]\" \/>\n<meta property=\"og:url\" content=\"https:\/\/tvheppenheim.de\/?p=1629\" \/>\n<meta property=\"og:site_name\" content=\"TV Heppenheim\" \/>\n<meta property=\"article:published_time\" content=\"2021-08-22T13:24:33+00:00\" \/>\n<meta property=\"article:modified_time\" content=\"2022-05-18T14:21:53+00:00\" \/>\n<meta property=\"og:image\" content=\"https:\/\/tvheppenheim.de\/wp-content\/uploads\/2021\/04\/corona_leer.png\" \/>\n\t<meta property=\"og:image:width\" content=\"300\" \/>\n\t<meta property=\"og:image:height\" content=\"168\" \/>\n\t<meta property=\"og:image:type\" content=\"image\/png\" \/>\n<meta name=\"author\" content=\"Armin\" \/>\n<meta name=\"twitter:card\" content=\"summary_large_image\" \/>\n<meta name=\"twitter:label1\" content=\"Verfasst von\" \/>\n\t<meta name=\"twitter:data1\" content=\"Armin\" \/>\n\t<meta name=\"twitter:label2\" content=\"Gesch\u00e4tzte Lesezeit\" \/>\n\t<meta name=\"twitter:data2\" content=\"2\u00a0Minuten\" \/>\n<script type=\"application\/ld+json\" class=\"yoast-schema-graph\">{\"@context\":\"https:\\\/\\\/schema.org\",\"@graph\":[{\"@type\":\"Article\",\"@id\":\"https:\\\/\\\/tvheppenheim.de\\\/?p=1629#article\",\"isPartOf\":{\"@id\":\"https:\\\/\\\/tvheppenheim.de\\\/?p=1629\"},\"author\":{\"name\":\"Armin\",\"@id\":\"https:\\\/\\\/tvheppenheim.de\\\/#\\\/schema\\\/person\\\/9a0debd2d9e58b884ab39dfa45f7b911\"},\"headline\":\"Corona-Update vom 20.08.2021\",\"datePublished\":\"2021-08-22T13:24:33+00:00\",\"dateModified\":\"2022-05-18T14:21:53+00:00\",\"mainEntityOfPage\":{\"@id\":\"https:\\\/\\\/tvheppenheim.de\\\/?p=1629\"},\"wordCount\":393,\"publisher\":{\"@id\":\"https:\\\/\\\/tvheppenheim.de\\\/#organization\"},\"image\":{\"@id\":\"https:\\\/\\\/tvheppenheim.de\\\/?p=1629#primaryimage\"},\"thumbnailUrl\":\"https:\\\/\\\/tvheppenheim.de\\\/wp-content\\\/uploads\\\/2021\\\/04\\\/corona_leer.png\",\"articleSection\":{\"1\":\"Corona\"},\"inLanguage\":\"de\"},{\"@type\":\"WebPage\",\"@id\":\"https:\\\/\\\/tvheppenheim.de\\\/?p=1629\",\"url\":\"https:\\\/\\\/tvheppenheim.de\\\/?p=1629\",\"name\":\"Corona-Update vom 20.08.2021 - TV Heppenheim\",\"isPartOf\":{\"@id\":\"https:\\\/\\\/tvheppenheim.de\\\/#website\"},\"primaryImageOfPage\":{\"@id\":\"https:\\\/\\\/tvheppenheim.de\\\/?p=1629#primaryimage\"},\"image\":{\"@id\":\"https:\\\/\\\/tvheppenheim.de\\\/?p=1629#primaryimage\"},\"thumbnailUrl\":\"https:\\\/\\\/tvheppenheim.de\\\/wp-content\\\/uploads\\\/2021\\\/04\\\/corona_leer.png\",\"datePublished\":\"2021-08-22T13:24:33+00:00\",\"dateModified\":\"2022-05-18T14:21:53+00:00\",\"breadcrumb\":{\"@id\":\"https:\\\/\\\/tvheppenheim.de\\\/?p=1629#breadcrumb\"},\"inLanguage\":\"de\",\"potentialAction\":[{\"@type\":\"ReadAction\",\"target\":[\"https:\\\/\\\/tvheppenheim.de\\\/?p=1629\"]}]},{\"@type\":\"ImageObject\",\"inLanguage\":\"de\",\"@id\":\"https:\\\/\\\/tvheppenheim.de\\\/?p=1629#primaryimage\",\"url\":\"https:\\\/\\\/tvheppenheim.de\\\/wp-content\\\/uploads\\\/2021\\\/04\\\/corona_leer.png\",\"contentUrl\":\"https:\\\/\\\/tvheppenheim.de\\\/wp-content\\\/uploads\\\/2021\\\/04\\\/corona_leer.png\",\"width\":300,\"height\":168},{\"@type\":\"BreadcrumbList\",\"@id\":\"https:\\\/\\\/tvheppenheim.de\\\/?p=1629#breadcrumb\",\"itemListElement\":[{\"@type\":\"ListItem\",\"position\":1,\"name\":\"Startseite\",\"item\":\"https:\\\/\\\/tvheppenheim.de\\\/\"},{\"@type\":\"ListItem\",\"position\":2,\"name\":\"Corona-Update vom 20.08.2021\"}]},{\"@type\":\"WebSite\",\"@id\":\"https:\\\/\\\/tvheppenheim.de\\\/#website\",\"url\":\"https:\\\/\\\/tvheppenheim.de\\\/\",\"name\":\"TV Heppenheim\",\"description\":\"\",\"publisher\":{\"@id\":\"https:\\\/\\\/tvheppenheim.de\\\/#organization\"},\"potentialAction\":[{\"@type\":\"SearchAction\",\"target\":{\"@type\":\"EntryPoint\",\"urlTemplate\":\"https:\\\/\\\/tvheppenheim.de\\\/?s={search_term_string}\"},\"query-input\":{\"@type\":\"PropertyValueSpecification\",\"valueRequired\":true,\"valueName\":\"search_term_string\"}}],\"inLanguage\":\"de\"},{\"@type\":\"Organization\",\"@id\":\"https:\\\/\\\/tvheppenheim.de\\\/#organization\",\"name\":\"TV Heppenheim\",\"url\":\"https:\\\/\\\/tvheppenheim.de\\\/\",\"logo\":{\"@type\":\"ImageObject\",\"inLanguage\":\"de\",\"@id\":\"https:\\\/\\\/tvheppenheim.de\\\/#\\\/schema\\\/logo\\\/image\\\/\",\"url\":\"https:\\\/\\\/tvheppenheim.de\\\/wp-content\\\/uploads\\\/2021\\\/05\\\/TVH_Header_hell_mit_Starkenburg_gesamt_dunkler_Kopf.png\",\"contentUrl\":\"https:\\\/\\\/tvheppenheim.de\\\/wp-content\\\/uploads\\\/2021\\\/05\\\/TVH_Header_hell_mit_Starkenburg_gesamt_dunkler_Kopf.png\",\"width\":1200,\"height\":124,\"caption\":\"TV Heppenheim\"},\"image\":{\"@id\":\"https:\\\/\\\/tvheppenheim.de\\\/#\\\/schema\\\/logo\\\/image\\\/\"}},{\"@type\":\"Person\",\"@id\":\"https:\\\/\\\/tvheppenheim.de\\\/#\\\/schema\\\/person\\\/9a0debd2d9e58b884ab39dfa45f7b911\",\"name\":\"Armin\",\"image\":{\"@type\":\"ImageObject\",\"inLanguage\":\"de\",\"@id\":\"https:\\\/\\\/secure.gravatar.com\\\/avatar\\\/27f36dc256a28955fbe6ec8d72f6f92b0ef4b6b0d9e2280f6adb8dd7a96e1ffe?s=96&d=mm&r=g\",\"url\":\"https:\\\/\\\/secure.gravatar.com\\\/avatar\\\/27f36dc256a28955fbe6ec8d72f6f92b0ef4b6b0d9e2280f6adb8dd7a96e1ffe?s=96&d=mm&r=g\",\"contentUrl\":\"https:\\\/\\\/secure.gravatar.com\\\/avatar\\\/27f36dc256a28955fbe6ec8d72f6f92b0ef4b6b0d9e2280f6adb8dd7a96e1ffe?s=96&d=mm&r=g\",\"caption\":\"Armin\"},\"url\":\"https:\\\/\\\/tvheppenheim.de\\\/?author=2\"}]}<\/script>\n<!-- \/ Yoast SEO plugin. -->","yoast_head_json":{"title":"Corona-Update vom 20.08.2021 - TV Heppenheim","robots":{"index":"index","follow":"follow","max-snippet":"max-snippet:-1","max-image-preview":"max-image-preview:large","max-video-preview":"max-video-preview:-1"},"canonical":"https:\/\/tvheppenheim.de\/?p=1629","og_locale":"de_DE","og_type":"article","og_title":"Corona-Update vom 20.08.2021 - TV Heppenheim","og_description":"Ma\u00dfnahmen wegen der \u00dcberschreitung der Inzidenzwerte von 35 bzw. 50 Seit letzter Wochen sind die Inzidenzwerte stark angestiegen. Aus diesem Anlass hat der der Kreis Bergstrasse neue Allgemeinverf\u00fcgungen zur Eind\u00e4mmung der Inzidenz erlassen: Der Einlass in die Innenr\u00e4ume von Sportst\u00e4tten f\u00fcr Personen ab 6 Jahren ist nur mit Negativnachweis zul\u00e4ssig! D.b. es ist eines folgender [&hellip;]","og_url":"https:\/\/tvheppenheim.de\/?p=1629","og_site_name":"TV Heppenheim","article_published_time":"2021-08-22T13:24:33+00:00","article_modified_time":"2022-05-18T14:21:53+00:00","og_image":[{"width":300,"height":168,"url":"https:\/\/tvheppenheim.de\/wp-content\/uploads\/2021\/04\/corona_leer.png","type":"image\/png"}],"author":"Armin","twitter_card":"summary_large_image","twitter_misc":{"Verfasst von":"Armin","Gesch\u00e4tzte Lesezeit":"2\u00a0Minuten"},"schema":{"@context":"https:\/\/schema.org","@graph":[{"@type":"Article","@id":"https:\/\/tvheppenheim.de\/?p=1629#article","isPartOf":{"@id":"https:\/\/tvheppenheim.de\/?p=1629"},"author":{"name":"Armin","@id":"https:\/\/tvheppenheim.de\/#\/schema\/person\/9a0debd2d9e58b884ab39dfa45f7b911"},"headline":"Corona-Update vom 20.08.2021","datePublished":"2021-08-22T13:24:33+00:00","dateModified":"2022-05-18T14:21:53+00:00","mainEntityOfPage":{"@id":"https:\/\/tvheppenheim.de\/?p=1629"},"wordCount":393,"publisher":{"@id":"https:\/\/tvheppenheim.de\/#organization"},"image":{"@id":"https:\/\/tvheppenheim.de\/?p=1629#primaryimage"},"thumbnailUrl":"https:\/\/tvheppenheim.de\/wp-content\/uploads\/2021\/04\/corona_leer.png","articleSection":{"1":"Corona"},"inLanguage":"de"},{"@type":"WebPage","@id":"https:\/\/tvheppenheim.de\/?p=1629","url":"https:\/\/tvheppenheim.de\/?p=1629","name":"Corona-Update vom 20.08.2021 - TV Heppenheim","isPartOf":{"@id":"https:\/\/tvheppenheim.de\/#website"},"primaryImageOfPage":{"@id":"https:\/\/tvheppenheim.de\/?p=1629#primaryimage"},"image":{"@id":"https:\/\/tvheppenheim.de\/?p=1629#primaryimage"},"thumbnailUrl":"https:\/\/tvheppenheim.de\/wp-content\/uploads\/2021\/04\/corona_leer.png","datePublished":"2021-08-22T13:24:33+00:00","dateModified":"2022-05-18T14:21:53+00:00","breadcrumb":{"@id":"https:\/\/tvheppenheim.de\/?p=1629#breadcrumb"},"inLanguage":"de","potentialAction":[{"@type":"ReadAction","target":["https:\/\/tvheppenheim.de\/?p=1629"]}]},{"@type":"ImageObject","inLanguage":"de","@id":"https:\/\/tvheppenheim.de\/?p=1629#primaryimage","url":"https:\/\/tvheppenheim.de\/wp-content\/uploads\/2021\/04\/corona_leer.png","contentUrl":"https:\/\/tvheppenheim.de\/wp-content\/uploads\/2021\/04\/corona_leer.png","width":300,"height":168},{"@type":"BreadcrumbList","@id":"https:\/\/tvheppenheim.de\/?p=1629#breadcrumb","itemListElement":[{"@type":"ListItem","position":1,"name":"Startseite","item":"https:\/\/tvheppenheim.de\/"},{"@type":"ListItem","position":2,"name":"Corona-Update vom 20.08.2021"}]},{"@type":"WebSite","@id":"https:\/\/tvheppenheim.de\/#website","url":"https:\/\/tvheppenheim.de\/","name":"TV Heppenheim","description":"","publisher":{"@id":"https:\/\/tvheppenheim.de\/#organization"},"potentialAction":[{"@type":"SearchAction","target":{"@type":"EntryPoint","urlTemplate":"https:\/\/tvheppenheim.de\/?s={search_term_string}"},"query-input":{"@type":"PropertyValueSpecification","valueRequired":true,"valueName":"search_term_string"}}],"inLanguage":"de"},{"@type":"Organization","@id":"https:\/\/tvheppenheim.de\/#organization","name":"TV Heppenheim","url":"https:\/\/tvheppenheim.de\/","logo":{"@type":"ImageObject","inLanguage":"de","@id":"https:\/\/tvheppenheim.de\/#\/schema\/logo\/image\/","url":"https:\/\/tvheppenheim.de\/wp-content\/uploads\/2021\/05\/TVH_Header_hell_mit_Starkenburg_gesamt_dunkler_Kopf.png","contentUrl":"https:\/\/tvheppenheim.de\/wp-content\/uploads\/2021\/05\/TVH_Header_hell_mit_Starkenburg_gesamt_dunkler_Kopf.png","width":1200,"height":124,"caption":"TV Heppenheim"},"image":{"@id":"https:\/\/tvheppenheim.de\/#\/schema\/logo\/image\/"}},{"@type":"Person","@id":"https:\/\/tvheppenheim.de\/#\/schema\/person\/9a0debd2d9e58b884ab39dfa45f7b911","name":"Armin","image":{"@type":"ImageObject","inLanguage":"de","@id":"https:\/\/secure.gravatar.com\/avatar\/27f36dc256a28955fbe6ec8d72f6f92b0ef4b6b0d9e2280f6adb8dd7a96e1ffe?s=96&d=mm&r=g","url":"https:\/\/secure.gravatar.com\/avatar\/27f36dc256a28955fbe6ec8d72f6f92b0ef4b6b0d9e2280f6adb8dd7a96e1ffe?s=96&d=mm&r=g","contentUrl":"https:\/\/secure.gravatar.com\/avatar\/27f36dc256a28955fbe6ec8d72f6f92b0ef4b6b0d9e2280f6adb8dd7a96e1ffe?s=96&d=mm&r=g","caption":"Armin"},"url":"https:\/\/tvheppenheim.de\/?author=2"}]}},"_links":{"self":[{"href":"https:\/\/tvheppenheim.de\/index.php?rest_route=\/wp\/v2\/posts\/1629","targetHints":{"allow":["GET"]}}],"collection":[{"href":"https:\/\/tvheppenheim.de\/index.php?rest_route=\/wp\/v2\/posts"}],"about":[{"href":"https:\/\/tvheppenheim.de\/index.php?rest_route=\/wp\/v2\/types\/post"}],"author":[{"embeddable":true,"href":"https:\/\/tvheppenheim.de\/index.php?rest_route=\/wp\/v2\/users\/2"}],"replies":[{"embeddable":true,"href":"https:\/\/tvheppenheim.de\/index.php?rest_route=%2Fwp%2Fv2%2Fcomments&post=1629"}],"version-history":[{"count":5,"href":"https:\/\/tvheppenheim.de\/index.php?rest_route=\/wp\/v2\/posts\/1629\/revisions"}],"predecessor-version":[{"id":1634,"href":"https:\/\/tvheppenheim.de\/index.php?rest_route=\/wp\/v2\/posts\/1629\/revisions\/1634"}],"wp:featuredmedia":[{"embeddable":true,"href":"https:\/\/tvheppenheim.de\/index.php?rest_route=\/wp\/v2\/media\/533"}],"wp:attachment":[{"href":"https:\/\/tvheppenheim.de\/index.php?rest_route=%2Fwp%2Fv2%2Fmedia&parent=1629"}],"wp:term":[{"taxonomy":"category","embeddable":true,"href":"https:\/\/tvheppenheim.de\/index.php?rest_route=%2Fwp%2Fv2%2Fcategories&post=1629"},{"taxonomy":"post_tag","embeddable":true,"href":"https:\/\/tvheppenheim.de\/index.php?rest_route=%2Fwp%2Fv2%2Ftags&post=1629"}],"curies":[{"name":"wp","href":"https:\/\/api.w.org\/{rel}","templated":true}]}}