{"id":1719,"date":"2021-09-18T18:56:38","date_gmt":"2021-09-18T16:56:38","guid":{"rendered":"https:\/\/tvheppenheim.de\/?p=1719"},"modified":"2021-09-18T19:26:00","modified_gmt":"2021-09-18T17:26:00","slug":"gau-gymnastikmeisterschaften-2021","status":"publish","type":"post","link":"https:\/\/tvheppenheim.de\/?p=1719","title":{"rendered":"Gau-Gymnastikmeisterschaften 2021"},"content":{"rendered":"\t\t<div data-elementor-type=\"wp-post\" data-elementor-id=\"1719\" class=\"elementor elementor-1719\" data-elementor-post-type=\"post\">\n\t\t\t\t\t\t<section class=\"elementor-section elementor-top-section elementor-element elementor-element-2c5b7ab8 elementor-section-boxed elementor-section-height-default elementor-section-height-default\" data-id=\"2c5b7ab8\" data-element_type=\"section\" data-e-type=\"section\">\n\t\t\t\t\t\t<div class=\"elementor-container elementor-column-gap-default\">\n\t\t\t\t\t<div class=\"elementor-column elementor-col-100 elementor-top-column elementor-element elementor-element-44502b05\" data-id=\"44502b05\" data-element_type=\"column\" data-e-type=\"column\">\n\t\t\t<div class=\"elementor-widget-wrap elementor-element-populated\">\n\t\t\t\t\t\t<div class=\"elementor-element elementor-element-59ed147 elementor-widget elementor-widget-text-editor\" data-id=\"59ed147\" data-element_type=\"widget\" data-e-type=\"widget\" data-widget_type=\"text-editor.default\">\n\t\t\t\t<div class=\"elementor-widget-container\">\n\t\t\t\t\t\t\t\t\t\n<p><strong>TVH Gymnastinnen starten mit f\u00fcnf Einzelgymnastinnen und einer Mannschaft bei den Gau-Gymnastikmeisterschaften in Biblis.<\/strong> <\/p>\n<p>Alle Einzelgymnastinnen zeigten ihre \u00dcbungen mit dem Ball und Seil in 5 verschiedenen Wettk\u00e4mpfen. In der P2 durfte sich die j\u00fcngste Heppenheimer Starterin Amara \u00fcber Platz 5 freuen. In der P4 konnten mit Sarem (1.) und Abina (2.) gleich zwei Heppenheimerinnen ein Platz auf dem Treppchen sichern.\u00a0<\/p>\n<p>In der P6\/P7 startete Lena bei ihrem allerersten Wettkampf. Am Ende reichte es f\u00fcr Platz 9 in dem starken Teilnehmerfeld.\u00a0<\/p>\n<p>Wie Lena, turnte auch Mia in der P7\/P8 ihren ersten Wettkampf und durfte sich \u00fcber Platz 5 freuen.<\/p>\n<p>Gemeinsam mit Charlin und Christina, starteten Lena und Mia als Mannschaft in der Kategorie P7\/P8. Hier konnte vor allem Charlin, mit ihrer Erfahrung Punkte sammeln. Am Ende durften sich die Gymnastinnen \u00fcber Platz 2 freuen.<\/p>\n<p>W\u00e4hrend der Wettkampf in der Halle vereinsweise in Durchg\u00e4nge aufgeteilt war, konnten die \u00fcber 60 Teilnehmerinnen am Ende vor der Halle eine gemeinsame Siegerehung abhalten. Ein sch\u00f6nes Erlebnis f\u00fcr unsere Gymnastinnen, die sich schon auf den n\u00e4chsten Wettkampf freuen. <\/p>\n\t\t\t\t\t\t\t\t<\/div>\n\t\t\t\t<\/div>\n\t\t\t\t\t<\/div>\n\t\t<\/div>\n\t\t\t\t\t<\/div>\n\t\t<\/section>\n\t\t\t\t<section class=\"elementor-section elementor-top-section elementor-element elementor-element-06ece5f elementor-section-boxed elementor-section-height-default elementor-section-height-default\" data-id=\"06ece5f\" data-element_type=\"section\" data-e-type=\"section\">\n\t\t\t\t\t\t<div class=\"elementor-container elementor-column-gap-default\">\n\t\t\t\t\t<div class=\"elementor-column elementor-col-100 elementor-top-column elementor-element elementor-element-93ec729\" data-id=\"93ec729\" data-element_type=\"column\" data-e-type=\"column\">\n\t\t\t<div class=\"elementor-widget-wrap elementor-element-populated\">\n\t\t\t\t\t\t<div class=\"elementor-element elementor-element-d71da42 elementor-widget elementor-widget-image\" data-id=\"d71da42\" data-element_type=\"widget\" data-e-type=\"widget\" data-widget_type=\"image.default\">\n\t\t\t\t<div class=\"elementor-widget-container\">\n\t\t\t\t\t\t\t\t\t\t\t\t\t\t\t<img fetchpriority=\"high\" decoding=\"async\" width=\"640\" height=\"587\" src=\"https:\/\/tvheppenheim.de\/wp-content\/uploads\/2021\/09\/IMG_6666.jpg\" class=\"attachment-large size-large wp-image-1717\" alt=\"\" srcset=\"https:\/\/tvheppenheim.de\/wp-content\/uploads\/2021\/09\/IMG_6666.jpg 640w, https:\/\/tvheppenheim.de\/wp-content\/uploads\/2021\/09\/IMG_6666-300x275.jpg 300w\" sizes=\"(max-width: 640px) 100vw, 640px\" \/>\t\t\t\t\t\t\t\t\t\t\t\t\t\t\t<\/div>\n\t\t\t\t<\/div>\n\t\t\t\t\t<\/div>\n\t\t<\/div>\n\t\t\t\t\t<\/div>\n\t\t<\/section>\n\t\t\t\t<\/div>\n\t\t","protected":false},"excerpt":{"rendered":"<p>TVH Gymnastinnen starten mit f\u00fcnf Einzelgymnastinnen und einer Mannschaft bei den Gau-Gymnastikmeisterschaften in Biblis. Alle Einzelgymnastinnen zeigten ihre \u00dcbungen mit dem Ball und Seil in 5 verschiedenen Wettk\u00e4mpfen. In der P2 durfte sich die j\u00fcngste Heppenheimer Starterin Amara \u00fcber Platz 5 freuen. In der P4 konnten mit Sarem (1.) und Abina (2.) gleich zwei Heppenheimerinnen [&hellip;]<\/p>\n","protected":false},"author":4,"featured_media":1718,"comment_status":"closed","ping_status":"closed","sticky":false,"template":"","format":"standard","meta":{"ocean_post_layout":"","ocean_both_sidebars_style":"","ocean_both_sidebars_content_width":0,"ocean_both_sidebars_sidebars_width":0,"ocean_sidebar":"","ocean_second_sidebar":"","ocean_disable_margins":"enable","ocean_add_body_class":"","ocean_shortcode_before_top_bar":"","ocean_shortcode_after_top_bar":"","ocean_shortcode_before_header":"","ocean_shortcode_after_header":"","ocean_has_shortcode":"","ocean_shortcode_after_title":"","ocean_shortcode_before_footer_widgets":"","ocean_shortcode_after_footer_widgets":"","ocean_shortcode_before_footer_bottom":"","ocean_shortcode_after_footer_bottom":"","ocean_display_top_bar":"default","ocean_display_header":"default","ocean_header_style":"","ocean_center_header_left_menu":"","ocean_custom_header_template":"","ocean_custom_logo":0,"ocean_custom_retina_logo":0,"ocean_custom_logo_max_width":0,"ocean_custom_logo_tablet_max_width":0,"ocean_custom_logo_mobile_max_width":0,"ocean_custom_logo_max_height":0,"ocean_custom_logo_tablet_max_height":0,"ocean_custom_logo_mobile_max_height":0,"ocean_header_custom_menu":"","ocean_menu_typo_font_family":"","ocean_menu_typo_font_subset":"","ocean_menu_typo_font_size":0,"ocean_menu_typo_font_size_tablet":0,"ocean_menu_typo_font_size_mobile":0,"ocean_menu_typo_font_size_unit":"px","ocean_menu_typo_font_weight":"","ocean_menu_typo_font_weight_tablet":"","ocean_menu_typo_font_weight_mobile":"","ocean_menu_typo_transform":"","ocean_menu_typo_transform_tablet":"","ocean_menu_typo_transform_mobile":"","ocean_menu_typo_line_height":0,"ocean_menu_typo_line_height_tablet":0,"ocean_menu_typo_line_height_mobile":0,"ocean_menu_typo_line_height_unit":"","ocean_menu_typo_spacing":0,"ocean_menu_typo_spacing_tablet":0,"ocean_menu_typo_spacing_mobile":0,"ocean_menu_typo_spacing_unit":"","ocean_menu_link_color":"","ocean_menu_link_color_hover":"","ocean_menu_link_color_active":"","ocean_menu_link_background":"","ocean_menu_link_hover_background":"","ocean_menu_link_active_background":"","ocean_menu_social_links_bg":"","ocean_menu_social_hover_links_bg":"","ocean_menu_social_links_color":"","ocean_menu_social_hover_links_color":"","ocean_disable_title":"default","ocean_disable_heading":"default","ocean_post_title":"","ocean_post_subheading":"","ocean_post_title_style":"","ocean_post_title_background_color":"","ocean_post_title_background":0,"ocean_post_title_bg_image_position":"","ocean_post_title_bg_image_attachment":"","ocean_post_title_bg_image_repeat":"","ocean_post_title_bg_image_size":"","ocean_post_title_height":0,"ocean_post_title_bg_overlay":0.5,"ocean_post_title_bg_overlay_color":"","ocean_disable_breadcrumbs":"default","ocean_breadcrumbs_color":"","ocean_breadcrumbs_separator_color":"","ocean_breadcrumbs_links_color":"","ocean_breadcrumbs_links_hover_color":"","ocean_display_footer_widgets":"default","ocean_display_footer_bottom":"default","ocean_custom_footer_template":"","ofc_meta_disable_footer_callout":"","ofc_meta_callout_button_url":"","ofc_meta_callout_button_txt":"","ofc_meta_callout_text":"","ofc_enable_fullscreen":"disable","ofc_fullscreen_speed":0,"ofc_fullscreen_nav":"enable","ofc_fullscreen_nav_pos":"right","ofc_fullscreen_nav_color":"","ofc_fullscreen_nav_tooltip_color":"","ofc_fullscreen_responsive":0,"osp_disable_panel":"default","osh_disable_topbar_sticky":"default","osh_disable_header_sticky":"default","osh_sticky_header_style":"default","osh_sticky_header_effect":"","osh_custom_sticky_logo":0,"osh_custom_retina_sticky_logo":0,"osh_custom_sticky_logo_height":0,"osh_background_color":"","osh_links_color":"","osh_links_hover_color":"","osh_links_active_color":"","osh_links_bg_color":"","osh_links_hover_bg_color":"","osh_links_active_bg_color":"","osh_menu_social_links_color":"","osh_menu_social_hover_links_color":"","ocean_post_oembed":"","ocean_post_self_hosted_media":"","ocean_post_video_embed":"","ocean_link_format":"","ocean_link_format_target":"self","ocean_quote_format":"","ocean_quote_format_link":"post","ocean_gallery_link_images":"off","ocean_gallery_id":[],"footnotes":""},"categories":[1],"tags":[],"class_list":["post-1719","post","type-post","status-publish","format-standard","has-post-thumbnail","hentry","category-allgemein","entry","has-media"],"yoast_head":"<!-- This site is optimized with the Yoast SEO plugin v27.3 - https:\/\/yoast.com\/product\/yoast-seo-wordpress\/ -->\n<title>Gau-Gymnastikmeisterschaften 2021 - TV Heppenheim<\/title>\n<meta name=\"robots\" content=\"index, follow, max-snippet:-1, max-image-preview:large, max-video-preview:-1\" \/>\n<link rel=\"canonical\" href=\"https:\/\/tvheppenheim.de\/?p=1719\" \/>\n<meta property=\"og:locale\" content=\"de_DE\" \/>\n<meta property=\"og:type\" content=\"article\" \/>\n<meta property=\"og:title\" content=\"Gau-Gymnastikmeisterschaften 2021 - TV Heppenheim\" \/>\n<meta property=\"og:description\" content=\"TVH Gymnastinnen starten mit f\u00fcnf Einzelgymnastinnen und einer Mannschaft bei den Gau-Gymnastikmeisterschaften in Biblis. Alle Einzelgymnastinnen zeigten ihre \u00dcbungen mit dem Ball und Seil in 5 verschiedenen Wettk\u00e4mpfen. In der P2 durfte sich die j\u00fcngste Heppenheimer Starterin Amara \u00fcber Platz 5 freuen. In der P4 konnten mit Sarem (1.) und Abina (2.) gleich zwei Heppenheimerinnen [&hellip;]\" \/>\n<meta property=\"og:url\" content=\"https:\/\/tvheppenheim.de\/?p=1719\" \/>\n<meta property=\"og:site_name\" content=\"TV Heppenheim\" \/>\n<meta property=\"article:published_time\" content=\"2021-09-18T16:56:38+00:00\" \/>\n<meta property=\"article:modified_time\" content=\"2021-09-18T17:26:00+00:00\" \/>\n<meta property=\"og:image\" content=\"https:\/\/tvheppenheim.de\/wp-content\/uploads\/2021\/09\/IMG_6667.jpg\" \/>\n\t<meta property=\"og:image:width\" content=\"640\" \/>\n\t<meta property=\"og:image:height\" content=\"480\" \/>\n\t<meta property=\"og:image:type\" content=\"image\/jpeg\" \/>\n<meta name=\"author\" content=\"Britta\" \/>\n<meta name=\"twitter:card\" content=\"summary_large_image\" \/>\n<meta name=\"twitter:label1\" content=\"Verfasst von\" \/>\n\t<meta name=\"twitter:data1\" content=\"Britta\" \/>\n\t<meta name=\"twitter:label2\" content=\"Gesch\u00e4tzte Lesezeit\" \/>\n\t<meta name=\"twitter:data2\" content=\"1\u00a0Minute\" \/>\n<script type=\"application\/ld+json\" class=\"yoast-schema-graph\">{\"@context\":\"https:\\\/\\\/schema.org\",\"@graph\":[{\"@type\":\"Article\",\"@id\":\"https:\\\/\\\/tvheppenheim.de\\\/?p=1719#article\",\"isPartOf\":{\"@id\":\"https:\\\/\\\/tvheppenheim.de\\\/?p=1719\"},\"author\":{\"name\":\"Britta\",\"@id\":\"https:\\\/\\\/tvheppenheim.de\\\/#\\\/schema\\\/person\\\/7ef19646e5db5efad248c04f1a4230dc\"},\"headline\":\"Gau-Gymnastikmeisterschaften 2021\",\"datePublished\":\"2021-09-18T16:56:38+00:00\",\"dateModified\":\"2021-09-18T17:26:00+00:00\",\"mainEntityOfPage\":{\"@id\":\"https:\\\/\\\/tvheppenheim.de\\\/?p=1719\"},\"wordCount\":180,\"publisher\":{\"@id\":\"https:\\\/\\\/tvheppenheim.de\\\/#organization\"},\"image\":{\"@id\":\"https:\\\/\\\/tvheppenheim.de\\\/?p=1719#primaryimage\"},\"thumbnailUrl\":\"https:\\\/\\\/tvheppenheim.de\\\/wp-content\\\/uploads\\\/2021\\\/09\\\/IMG_6667.jpg\",\"inLanguage\":\"de\"},{\"@type\":\"WebPage\",\"@id\":\"https:\\\/\\\/tvheppenheim.de\\\/?p=1719\",\"url\":\"https:\\\/\\\/tvheppenheim.de\\\/?p=1719\",\"name\":\"Gau-Gymnastikmeisterschaften 2021 - TV Heppenheim\",\"isPartOf\":{\"@id\":\"https:\\\/\\\/tvheppenheim.de\\\/#website\"},\"primaryImageOfPage\":{\"@id\":\"https:\\\/\\\/tvheppenheim.de\\\/?p=1719#primaryimage\"},\"image\":{\"@id\":\"https:\\\/\\\/tvheppenheim.de\\\/?p=1719#primaryimage\"},\"thumbnailUrl\":\"https:\\\/\\\/tvheppenheim.de\\\/wp-content\\\/uploads\\\/2021\\\/09\\\/IMG_6667.jpg\",\"datePublished\":\"2021-09-18T16:56:38+00:00\",\"dateModified\":\"2021-09-18T17:26:00+00:00\",\"breadcrumb\":{\"@id\":\"https:\\\/\\\/tvheppenheim.de\\\/?p=1719#breadcrumb\"},\"inLanguage\":\"de\",\"potentialAction\":[{\"@type\":\"ReadAction\",\"target\":[\"https:\\\/\\\/tvheppenheim.de\\\/?p=1719\"]}]},{\"@type\":\"ImageObject\",\"inLanguage\":\"de\",\"@id\":\"https:\\\/\\\/tvheppenheim.de\\\/?p=1719#primaryimage\",\"url\":\"https:\\\/\\\/tvheppenheim.de\\\/wp-content\\\/uploads\\\/2021\\\/09\\\/IMG_6667.jpg\",\"contentUrl\":\"https:\\\/\\\/tvheppenheim.de\\\/wp-content\\\/uploads\\\/2021\\\/09\\\/IMG_6667.jpg\",\"width\":640,\"height\":480},{\"@type\":\"BreadcrumbList\",\"@id\":\"https:\\\/\\\/tvheppenheim.de\\\/?p=1719#breadcrumb\",\"itemListElement\":[{\"@type\":\"ListItem\",\"position\":1,\"name\":\"Startseite\",\"item\":\"https:\\\/\\\/tvheppenheim.de\\\/\"},{\"@type\":\"ListItem\",\"position\":2,\"name\":\"Gau-Gymnastikmeisterschaften 2021\"}]},{\"@type\":\"WebSite\",\"@id\":\"https:\\\/\\\/tvheppenheim.de\\\/#website\",\"url\":\"https:\\\/\\\/tvheppenheim.de\\\/\",\"name\":\"TV Heppenheim\",\"description\":\"\",\"publisher\":{\"@id\":\"https:\\\/\\\/tvheppenheim.de\\\/#organization\"},\"potentialAction\":[{\"@type\":\"SearchAction\",\"target\":{\"@type\":\"EntryPoint\",\"urlTemplate\":\"https:\\\/\\\/tvheppenheim.de\\\/?s={search_term_string}\"},\"query-input\":{\"@type\":\"PropertyValueSpecification\",\"valueRequired\":true,\"valueName\":\"search_term_string\"}}],\"inLanguage\":\"de\"},{\"@type\":\"Organization\",\"@id\":\"https:\\\/\\\/tvheppenheim.de\\\/#organization\",\"name\":\"TV Heppenheim\",\"url\":\"https:\\\/\\\/tvheppenheim.de\\\/\",\"logo\":{\"@type\":\"ImageObject\",\"inLanguage\":\"de\",\"@id\":\"https:\\\/\\\/tvheppenheim.de\\\/#\\\/schema\\\/logo\\\/image\\\/\",\"url\":\"https:\\\/\\\/tvheppenheim.de\\\/wp-content\\\/uploads\\\/2021\\\/05\\\/TVH_Header_hell_mit_Starkenburg_gesamt_dunkler_Kopf.png\",\"contentUrl\":\"https:\\\/\\\/tvheppenheim.de\\\/wp-content\\\/uploads\\\/2021\\\/05\\\/TVH_Header_hell_mit_Starkenburg_gesamt_dunkler_Kopf.png\",\"width\":1200,\"height\":124,\"caption\":\"TV Heppenheim\"},\"image\":{\"@id\":\"https:\\\/\\\/tvheppenheim.de\\\/#\\\/schema\\\/logo\\\/image\\\/\"}},{\"@type\":\"Person\",\"@id\":\"https:\\\/\\\/tvheppenheim.de\\\/#\\\/schema\\\/person\\\/7ef19646e5db5efad248c04f1a4230dc\",\"name\":\"Britta\",\"image\":{\"@type\":\"ImageObject\",\"inLanguage\":\"de\",\"@id\":\"https:\\\/\\\/secure.gravatar.com\\\/avatar\\\/e3f710a2a2f52b8408a804271f1a51e68215c5876ab67fe6bf40c338704542b0?s=96&d=mm&r=g\",\"url\":\"https:\\\/\\\/secure.gravatar.com\\\/avatar\\\/e3f710a2a2f52b8408a804271f1a51e68215c5876ab67fe6bf40c338704542b0?s=96&d=mm&r=g\",\"contentUrl\":\"https:\\\/\\\/secure.gravatar.com\\\/avatar\\\/e3f710a2a2f52b8408a804271f1a51e68215c5876ab67fe6bf40c338704542b0?s=96&d=mm&r=g\",\"caption\":\"Britta\"},\"url\":\"https:\\\/\\\/tvheppenheim.de\\\/?author=4\"}]}<\/script>\n<!-- \/ Yoast SEO plugin. -->","yoast_head_json":{"title":"Gau-Gymnastikmeisterschaften 2021 - TV Heppenheim","robots":{"index":"index","follow":"follow","max-snippet":"max-snippet:-1","max-image-preview":"max-image-preview:large","max-video-preview":"max-video-preview:-1"},"canonical":"https:\/\/tvheppenheim.de\/?p=1719","og_locale":"de_DE","og_type":"article","og_title":"Gau-Gymnastikmeisterschaften 2021 - TV Heppenheim","og_description":"TVH Gymnastinnen starten mit f\u00fcnf Einzelgymnastinnen und einer Mannschaft bei den Gau-Gymnastikmeisterschaften in Biblis. Alle Einzelgymnastinnen zeigten ihre \u00dcbungen mit dem Ball und Seil in 5 verschiedenen Wettk\u00e4mpfen. In der P2 durfte sich die j\u00fcngste Heppenheimer Starterin Amara \u00fcber Platz 5 freuen. In der P4 konnten mit Sarem (1.) und Abina (2.) gleich zwei Heppenheimerinnen [&hellip;]","og_url":"https:\/\/tvheppenheim.de\/?p=1719","og_site_name":"TV Heppenheim","article_published_time":"2021-09-18T16:56:38+00:00","article_modified_time":"2021-09-18T17:26:00+00:00","og_image":[{"width":640,"height":480,"url":"https:\/\/tvheppenheim.de\/wp-content\/uploads\/2021\/09\/IMG_6667.jpg","type":"image\/jpeg"}],"author":"Britta","twitter_card":"summary_large_image","twitter_misc":{"Verfasst von":"Britta","Gesch\u00e4tzte Lesezeit":"1\u00a0Minute"},"schema":{"@context":"https:\/\/schema.org","@graph":[{"@type":"Article","@id":"https:\/\/tvheppenheim.de\/?p=1719#article","isPartOf":{"@id":"https:\/\/tvheppenheim.de\/?p=1719"},"author":{"name":"Britta","@id":"https:\/\/tvheppenheim.de\/#\/schema\/person\/7ef19646e5db5efad248c04f1a4230dc"},"headline":"Gau-Gymnastikmeisterschaften 2021","datePublished":"2021-09-18T16:56:38+00:00","dateModified":"2021-09-18T17:26:00+00:00","mainEntityOfPage":{"@id":"https:\/\/tvheppenheim.de\/?p=1719"},"wordCount":180,"publisher":{"@id":"https:\/\/tvheppenheim.de\/#organization"},"image":{"@id":"https:\/\/tvheppenheim.de\/?p=1719#primaryimage"},"thumbnailUrl":"https:\/\/tvheppenheim.de\/wp-content\/uploads\/2021\/09\/IMG_6667.jpg","inLanguage":"de"},{"@type":"WebPage","@id":"https:\/\/tvheppenheim.de\/?p=1719","url":"https:\/\/tvheppenheim.de\/?p=1719","name":"Gau-Gymnastikmeisterschaften 2021 - TV Heppenheim","isPartOf":{"@id":"https:\/\/tvheppenheim.de\/#website"},"primaryImageOfPage":{"@id":"https:\/\/tvheppenheim.de\/?p=1719#primaryimage"},"image":{"@id":"https:\/\/tvheppenheim.de\/?p=1719#primaryimage"},"thumbnailUrl":"https:\/\/tvheppenheim.de\/wp-content\/uploads\/2021\/09\/IMG_6667.jpg","datePublished":"2021-09-18T16:56:38+00:00","dateModified":"2021-09-18T17:26:00+00:00","breadcrumb":{"@id":"https:\/\/tvheppenheim.de\/?p=1719#breadcrumb"},"inLanguage":"de","potentialAction":[{"@type":"ReadAction","target":["https:\/\/tvheppenheim.de\/?p=1719"]}]},{"@type":"ImageObject","inLanguage":"de","@id":"https:\/\/tvheppenheim.de\/?p=1719#primaryimage","url":"https:\/\/tvheppenheim.de\/wp-content\/uploads\/2021\/09\/IMG_6667.jpg","contentUrl":"https:\/\/tvheppenheim.de\/wp-content\/uploads\/2021\/09\/IMG_6667.jpg","width":640,"height":480},{"@type":"BreadcrumbList","@id":"https:\/\/tvheppenheim.de\/?p=1719#breadcrumb","itemListElement":[{"@type":"ListItem","position":1,"name":"Startseite","item":"https:\/\/tvheppenheim.de\/"},{"@type":"ListItem","position":2,"name":"Gau-Gymnastikmeisterschaften 2021"}]},{"@type":"WebSite","@id":"https:\/\/tvheppenheim.de\/#website","url":"https:\/\/tvheppenheim.de\/","name":"TV Heppenheim","description":"","publisher":{"@id":"https:\/\/tvheppenheim.de\/#organization"},"potentialAction":[{"@type":"SearchAction","target":{"@type":"EntryPoint","urlTemplate":"https:\/\/tvheppenheim.de\/?s={search_term_string}"},"query-input":{"@type":"PropertyValueSpecification","valueRequired":true,"valueName":"search_term_string"}}],"inLanguage":"de"},{"@type":"Organization","@id":"https:\/\/tvheppenheim.de\/#organization","name":"TV Heppenheim","url":"https:\/\/tvheppenheim.de\/","logo":{"@type":"ImageObject","inLanguage":"de","@id":"https:\/\/tvheppenheim.de\/#\/schema\/logo\/image\/","url":"https:\/\/tvheppenheim.de\/wp-content\/uploads\/2021\/05\/TVH_Header_hell_mit_Starkenburg_gesamt_dunkler_Kopf.png","contentUrl":"https:\/\/tvheppenheim.de\/wp-content\/uploads\/2021\/05\/TVH_Header_hell_mit_Starkenburg_gesamt_dunkler_Kopf.png","width":1200,"height":124,"caption":"TV Heppenheim"},"image":{"@id":"https:\/\/tvheppenheim.de\/#\/schema\/logo\/image\/"}},{"@type":"Person","@id":"https:\/\/tvheppenheim.de\/#\/schema\/person\/7ef19646e5db5efad248c04f1a4230dc","name":"Britta","image":{"@type":"ImageObject","inLanguage":"de","@id":"https:\/\/secure.gravatar.com\/avatar\/e3f710a2a2f52b8408a804271f1a51e68215c5876ab67fe6bf40c338704542b0?s=96&d=mm&r=g","url":"https:\/\/secure.gravatar.com\/avatar\/e3f710a2a2f52b8408a804271f1a51e68215c5876ab67fe6bf40c338704542b0?s=96&d=mm&r=g","contentUrl":"https:\/\/secure.gravatar.com\/avatar\/e3f710a2a2f52b8408a804271f1a51e68215c5876ab67fe6bf40c338704542b0?s=96&d=mm&r=g","caption":"Britta"},"url":"https:\/\/tvheppenheim.de\/?author=4"}]}},"_links":{"self":[{"href":"https:\/\/tvheppenheim.de\/index.php?rest_route=\/wp\/v2\/posts\/1719","targetHints":{"allow":["GET"]}}],"collection":[{"href":"https:\/\/tvheppenheim.de\/index.php?rest_route=\/wp\/v2\/posts"}],"about":[{"href":"https:\/\/tvheppenheim.de\/index.php?rest_route=\/wp\/v2\/types\/post"}],"author":[{"embeddable":true,"href":"https:\/\/tvheppenheim.de\/index.php?rest_route=\/wp\/v2\/users\/4"}],"replies":[{"embeddable":true,"href":"https:\/\/tvheppenheim.de\/index.php?rest_route=%2Fwp%2Fv2%2Fcomments&post=1719"}],"version-history":[{"count":17,"href":"https:\/\/tvheppenheim.de\/index.php?rest_route=\/wp\/v2\/posts\/1719\/revisions"}],"predecessor-version":[{"id":1739,"href":"https:\/\/tvheppenheim.de\/index.php?rest_route=\/wp\/v2\/posts\/1719\/revisions\/1739"}],"wp:featuredmedia":[{"embeddable":true,"href":"https:\/\/tvheppenheim.de\/index.php?rest_route=\/wp\/v2\/media\/1718"}],"wp:attachment":[{"href":"https:\/\/tvheppenheim.de\/index.php?rest_route=%2Fwp%2Fv2%2Fmedia&parent=1719"}],"wp:term":[{"taxonomy":"category","embeddable":true,"href":"https:\/\/tvheppenheim.de\/index.php?rest_route=%2Fwp%2Fv2%2Fcategories&post=1719"},{"taxonomy":"post_tag","embeddable":true,"href":"https:\/\/tvheppenheim.de\/index.php?rest_route=%2Fwp%2Fv2%2Ftags&post=1719"}],"curies":[{"name":"wp","href":"https:\/\/api.w.org\/{rel}","templated":true}]}}