{"id":1746,"date":"2021-10-04T19:28:40","date_gmt":"2021-10-04T17:28:40","guid":{"rendered":"https:\/\/tvheppenheim.de\/?p=1746"},"modified":"2021-10-04T20:35:34","modified_gmt":"2021-10-04T18:35:34","slug":"hessischer-vergleichswettkampf","status":"publish","type":"post","link":"https:\/\/tvheppenheim.de\/?p=1746","title":{"rendered":"Hessischer Vergleichswettkampf"},"content":{"rendered":"\t\t<div data-elementor-type=\"wp-post\" data-elementor-id=\"1746\" class=\"elementor elementor-1746\" data-elementor-post-type=\"post\">\n\t\t\t\t\t\t<section class=\"elementor-section elementor-top-section elementor-element elementor-element-fcf6029 elementor-section-boxed elementor-section-height-default elementor-section-height-default\" data-id=\"fcf6029\" data-element_type=\"section\" data-e-type=\"section\">\n\t\t\t\t\t\t<div class=\"elementor-container elementor-column-gap-default\">\n\t\t\t\t\t<div class=\"elementor-column elementor-col-66 elementor-top-column elementor-element elementor-element-2d794ee\" data-id=\"2d794ee\" data-element_type=\"column\" data-e-type=\"column\">\n\t\t\t<div class=\"elementor-widget-wrap elementor-element-populated\">\n\t\t\t\t\t\t<div class=\"elementor-element elementor-element-6622c5c elementor-widget elementor-widget-text-editor\" data-id=\"6622c5c\" data-element_type=\"widget\" data-e-type=\"widget\" data-widget_type=\"text-editor.default\">\n\t\t\t\t<div class=\"elementor-widget-container\">\n\t\t\t\t\t\t\t\t\t<h5>Erster Wettkampf f\u00fcr Rhythmische Sportgymnastinnen<\/h5><p>Am letzten September Wochenende war es endlich soweit, unsere Sportgymnastinnen konnten endlich wieder Wettkampfluft schnuppern. Leider ohne Zuschauer, daf\u00fcr aber mit lautstarken Vereinskameradinnen, die sich gegenseitig unterst\u00fczten.<\/p>\t\t\t\t\t\t\t\t<\/div>\n\t\t\t\t<\/div>\n\t\t\t\t\t<\/div>\n\t\t<\/div>\n\t\t\t\t<div class=\"elementor-column elementor-col-33 elementor-top-column elementor-element elementor-element-f892b4f\" data-id=\"f892b4f\" data-element_type=\"column\" data-e-type=\"column\">\n\t\t\t<div class=\"elementor-widget-wrap elementor-element-populated\">\n\t\t\t\t\t\t<div class=\"elementor-element elementor-element-45d1ac5 elementor-widget elementor-widget-image\" data-id=\"45d1ac5\" data-element_type=\"widget\" data-e-type=\"widget\" data-widget_type=\"image.default\">\n\t\t\t\t<div class=\"elementor-widget-container\">\n\t\t\t\t\t\t\t\t\t\t\t\t<figure class=\"wp-caption\">\n\t\t\t\t\t\t\t\t\t\t<img decoding=\"async\" width=\"126\" height=\"218\" src=\"https:\/\/tvheppenheim.de\/wp-content\/uploads\/2021\/10\/IMG_6704-1.jpg\" class=\"attachment-large size-large wp-image-1757\" alt=\"\" \/>\t\t\t\t\t\t\t\t\t\t\t<figcaption class=\"widget-image-caption wp-caption-text\"><\/figcaption>\n\t\t\t\t\t\t\t\t\t\t<\/figure>\n\t\t\t\t\t\t\t\t\t<\/div>\n\t\t\t\t<\/div>\n\t\t\t\t\t<\/div>\n\t\t<\/div>\n\t\t\t\t\t<\/div>\n\t\t<\/section>\n\t\t\t\t<section class=\"elementor-section elementor-top-section elementor-element elementor-element-ada2d91 elementor-section-boxed elementor-section-height-default elementor-section-height-default\" data-id=\"ada2d91\" data-element_type=\"section\" data-e-type=\"section\">\n\t\t\t\t\t\t<div class=\"elementor-container elementor-column-gap-default\">\n\t\t\t\t\t<div class=\"elementor-column elementor-col-50 elementor-top-column elementor-element elementor-element-1a48a2a\" data-id=\"1a48a2a\" data-element_type=\"column\" data-e-type=\"column\">\n\t\t\t<div class=\"elementor-widget-wrap elementor-element-populated\">\n\t\t\t\t\t\t<div class=\"elementor-element elementor-element-a554eac elementor-widget elementor-widget-image\" data-id=\"a554eac\" data-element_type=\"widget\" data-e-type=\"widget\" data-widget_type=\"image.default\">\n\t\t\t\t<div class=\"elementor-widget-container\">\n\t\t\t\t\t\t\t\t\t\t\t\t\t\t\t<img fetchpriority=\"high\" decoding=\"async\" width=\"452\" height=\"339\" src=\"https:\/\/tvheppenheim.de\/wp-content\/uploads\/2021\/10\/IMG_6696.jpg\" class=\"attachment-large size-large wp-image-1742\" alt=\"\" srcset=\"https:\/\/tvheppenheim.de\/wp-content\/uploads\/2021\/10\/IMG_6696.jpg 452w, https:\/\/tvheppenheim.de\/wp-content\/uploads\/2021\/10\/IMG_6696-300x225.jpg 300w\" sizes=\"(max-width: 452px) 100vw, 452px\" \/>\t\t\t\t\t\t\t\t\t\t\t\t\t\t\t<\/div>\n\t\t\t\t<\/div>\n\t\t\t\t\t<\/div>\n\t\t<\/div>\n\t\t\t\t<div class=\"elementor-column elementor-col-50 elementor-top-column elementor-element elementor-element-c223552\" data-id=\"c223552\" data-element_type=\"column\" data-e-type=\"column\">\n\t\t\t<div class=\"elementor-widget-wrap elementor-element-populated\">\n\t\t\t\t\t\t<div class=\"elementor-element elementor-element-3d36028 elementor-widget elementor-widget-text-editor\" data-id=\"3d36028\" data-element_type=\"widget\" data-e-type=\"widget\" data-widget_type=\"text-editor.default\">\n\t\t\t\t<div class=\"elementor-widget-container\">\n\t\t\t\t\t\t\t\t\t<h5>Kinderklasse 7 Jahre<\/h5><p>Am Samstag durfte zun\u00e4chst der Nachwuchs zeigen was er kann. Alle Gymnastinnen (6-9 Jahre) zeigten eine \u00dcbung ohne Handger\u00e4t. In der Kinderklasse 7 Jahre durften sich Lotti (1. Platz) und Leonie (3. Platz) gleich zu Beginn des Wettkampfes \u00fcber eine Treppchenplatzierung freuen. Erg\u00e4nzt wurde dieses tolle Ergebnis von Emely die gleich bei ihrem ersten Wettkampf auf Platz 5 landete.<\/p>\t\t\t\t\t\t\t\t<\/div>\n\t\t\t\t<\/div>\n\t\t\t\t\t<\/div>\n\t\t<\/div>\n\t\t\t\t\t<\/div>\n\t\t<\/section>\n\t\t\t\t<section class=\"elementor-section elementor-top-section elementor-element elementor-element-4019685 elementor-section-boxed elementor-section-height-default elementor-section-height-default\" data-id=\"4019685\" data-element_type=\"section\" data-e-type=\"section\">\n\t\t\t\t\t\t<div class=\"elementor-container elementor-column-gap-default\">\n\t\t\t\t\t<div class=\"elementor-column elementor-col-50 elementor-top-column elementor-element elementor-element-9a91b05\" data-id=\"9a91b05\" data-element_type=\"column\" data-e-type=\"column\">\n\t\t\t<div class=\"elementor-widget-wrap elementor-element-populated\">\n\t\t\t\t\t\t<div class=\"elementor-element elementor-element-e94023a elementor-widget elementor-widget-text-editor\" data-id=\"e94023a\" data-element_type=\"widget\" data-e-type=\"widget\" data-widget_type=\"text-editor.default\">\n\t\t\t\t<div class=\"elementor-widget-container\">\n\t\t\t\t\t\t\t\t\t<h5>Kinderklasse 8 und 9 Jahre<\/h5><p>Eine Stufe h\u00f6her verpassten Ida und Leonora denkbar knapp das Treppchen und landeten gemeinsam auf Platz 4. Direkt dahinter platzierte sich Vanessa gefolgt von Magal\u00ed auf Platz 8.Am Nachmittag folgte der Wettkampf der Kinderklasse 9 Jahre. Hier platzierten sich Nina (12.), Julia (13.), Mia (14.) und Anastasia (15.) in einem starken Feld direkt hintereinander.<\/p>\t\t\t\t\t\t\t\t<\/div>\n\t\t\t\t<\/div>\n\t\t\t\t\t<\/div>\n\t\t<\/div>\n\t\t\t\t<div class=\"elementor-column elementor-col-50 elementor-top-column elementor-element elementor-element-f3dea09\" data-id=\"f3dea09\" data-element_type=\"column\" data-e-type=\"column\">\n\t\t\t<div class=\"elementor-widget-wrap elementor-element-populated\">\n\t\t\t\t\t\t<div class=\"elementor-element elementor-element-e5302d3 elementor-widget elementor-widget-image\" data-id=\"e5302d3\" data-element_type=\"widget\" data-e-type=\"widget\" data-widget_type=\"image.default\">\n\t\t\t\t<div class=\"elementor-widget-container\">\n\t\t\t\t\t\t\t\t\t\t\t\t\t\t\t<img decoding=\"async\" width=\"445\" height=\"369\" src=\"https:\/\/tvheppenheim.de\/wp-content\/uploads\/2021\/10\/IMG_6699.jpg\" class=\"attachment-large size-large wp-image-1743\" alt=\"\" srcset=\"https:\/\/tvheppenheim.de\/wp-content\/uploads\/2021\/10\/IMG_6699.jpg 445w, https:\/\/tvheppenheim.de\/wp-content\/uploads\/2021\/10\/IMG_6699-300x249.jpg 300w\" sizes=\"(max-width: 445px) 100vw, 445px\" \/>\t\t\t\t\t\t\t\t\t\t\t\t\t\t\t<\/div>\n\t\t\t\t<\/div>\n\t\t\t\t\t<\/div>\n\t\t<\/div>\n\t\t\t\t\t<\/div>\n\t\t<\/section>\n\t\t\t\t<section class=\"elementor-section elementor-top-section elementor-element elementor-element-1dd3327 elementor-section-boxed elementor-section-height-default elementor-section-height-default\" data-id=\"1dd3327\" data-element_type=\"section\" data-e-type=\"section\">\n\t\t\t\t\t\t<div class=\"elementor-container elementor-column-gap-default\">\n\t\t\t\t\t<div class=\"elementor-column elementor-col-33 elementor-top-column elementor-element elementor-element-b859052\" data-id=\"b859052\" data-element_type=\"column\" data-e-type=\"column\">\n\t\t\t<div class=\"elementor-widget-wrap elementor-element-populated\">\n\t\t\t\t\t\t<div class=\"elementor-element elementor-element-b2d7b60 elementor-widget elementor-widget-image\" data-id=\"b2d7b60\" data-element_type=\"widget\" data-e-type=\"widget\" data-widget_type=\"image.default\">\n\t\t\t\t<div class=\"elementor-widget-container\">\n\t\t\t\t\t\t\t\t\t\t\t\t\t\t\t<img loading=\"lazy\" decoding=\"async\" width=\"511\" height=\"375\" src=\"https:\/\/tvheppenheim.de\/wp-content\/uploads\/2021\/10\/Gruppe.png\" class=\"attachment-large size-large wp-image-1765\" alt=\"\" srcset=\"https:\/\/tvheppenheim.de\/wp-content\/uploads\/2021\/10\/Gruppe.png 511w, https:\/\/tvheppenheim.de\/wp-content\/uploads\/2021\/10\/Gruppe-300x220.png 300w\" sizes=\"(max-width: 511px) 100vw, 511px\" \/>\t\t\t\t\t\t\t\t\t\t\t\t\t\t\t<\/div>\n\t\t\t\t<\/div>\n\t\t\t\t\t<\/div>\n\t\t<\/div>\n\t\t\t\t<div class=\"elementor-column elementor-col-66 elementor-top-column elementor-element elementor-element-dc28469\" data-id=\"dc28469\" data-element_type=\"column\" data-e-type=\"column\">\n\t\t\t<div class=\"elementor-widget-wrap elementor-element-populated\">\n\t\t\t\t\t\t<div class=\"elementor-element elementor-element-a5d6028 elementor-widget elementor-widget-text-editor\" data-id=\"a5d6028\" data-element_type=\"widget\" data-e-type=\"widget\" data-widget_type=\"text-editor.default\">\n\t\t\t\t<div class=\"elementor-widget-container\">\n\t\t\t\t\t\t\t\t\t<h5>Gruppe und Duo Wettkampf<\/h5><p>Den Abschluss des Tages machten die Gruppen und Duos. Hier machte unsere Junioren-Gruppe den Anfang und zeigte zwei gute Durchg\u00e4nge, was am Ende Platz 1 bedeutete. Dies war besonders erfreulich, da die Gruppe lange Zeit nicht miteinander trainieren durfte.<\/p><p>Und auch das Duo Milena und Noa konnte sich nach zwei sehr guten \u00dcbungen \u00fcber Platz 1 freuen.<\/p>\t\t\t\t\t\t\t\t<\/div>\n\t\t\t\t<\/div>\n\t\t\t\t\t<\/div>\n\t\t<\/div>\n\t\t\t\t\t<\/div>\n\t\t<\/section>\n\t\t\t\t<section class=\"elementor-section elementor-top-section elementor-element elementor-element-a805279 elementor-section-boxed elementor-section-height-default elementor-section-height-default\" data-id=\"a805279\" data-element_type=\"section\" data-e-type=\"section\">\n\t\t\t\t\t\t<div class=\"elementor-container elementor-column-gap-default\">\n\t\t\t\t\t<div class=\"elementor-column elementor-col-66 elementor-top-column elementor-element elementor-element-a9fdf54\" data-id=\"a9fdf54\" data-element_type=\"column\" data-e-type=\"column\">\n\t\t\t<div class=\"elementor-widget-wrap elementor-element-populated\">\n\t\t\t\t\t\t<div class=\"elementor-element elementor-element-74aa32e elementor-widget elementor-widget-text-editor\" data-id=\"74aa32e\" data-element_type=\"widget\" data-e-type=\"widget\" data-widget_type=\"text-editor.default\">\n\t\t\t\t<div class=\"elementor-widget-container\">\n\t\t\t\t\t\t\t\t\t<h5>Wettkampf Tag 2<\/h5><p>Weiter ging es am Sonntag mit der Sch\u00fcler-, Junioren- und Freien Wettkampfklasse. Bei den Sch\u00fclerinnen zeigten Vanessa (22.) und Hannah (23.) ihre ohne Handger\u00e4t und Keulen\u00fcbungen. Beide geh\u00f6rten zu den j\u00fcngsten Teilnehmerinnen bei den 10-12-J\u00e4hrigen und f\u00fcr Beide galt es Wettkampferfahrung bei den &#8222;Gro\u00dfen&#8220; zu sammeln.<\/p>\t\t\t\t\t\t\t\t<\/div>\n\t\t\t\t<\/div>\n\t\t\t\t\t<\/div>\n\t\t<\/div>\n\t\t\t\t<div class=\"elementor-column elementor-col-33 elementor-top-column elementor-element elementor-element-09a00a9\" data-id=\"09a00a9\" data-element_type=\"column\" data-e-type=\"column\">\n\t\t\t<div class=\"elementor-widget-wrap elementor-element-populated\">\n\t\t\t\t\t\t<div class=\"elementor-element elementor-element-5f30cc7 elementor-widget elementor-widget-image\" data-id=\"5f30cc7\" data-element_type=\"widget\" data-e-type=\"widget\" data-widget_type=\"image.default\">\n\t\t\t\t<div class=\"elementor-widget-container\">\n\t\t\t\t\t\t\t\t\t\t\t\t\t\t\t<img loading=\"lazy\" decoding=\"async\" width=\"482\" height=\"348\" src=\"https:\/\/tvheppenheim.de\/wp-content\/uploads\/2021\/10\/IMG_6676.jpg\" class=\"attachment-large size-large wp-image-1748\" alt=\"\" srcset=\"https:\/\/tvheppenheim.de\/wp-content\/uploads\/2021\/10\/IMG_6676.jpg 482w, https:\/\/tvheppenheim.de\/wp-content\/uploads\/2021\/10\/IMG_6676-300x217.jpg 300w\" sizes=\"(max-width: 482px) 100vw, 482px\" \/>\t\t\t\t\t\t\t\t\t\t\t\t\t\t\t<\/div>\n\t\t\t\t<\/div>\n\t\t\t\t\t<\/div>\n\t\t<\/div>\n\t\t\t\t\t<\/div>\n\t\t<\/section>\n\t\t\t\t<section class=\"elementor-section elementor-top-section elementor-element elementor-element-2f4d16a elementor-section-boxed elementor-section-height-default elementor-section-height-default\" data-id=\"2f4d16a\" data-element_type=\"section\" data-e-type=\"section\">\n\t\t\t\t\t\t<div class=\"elementor-container elementor-column-gap-default\">\n\t\t\t\t\t<div class=\"elementor-column elementor-col-100 elementor-top-column elementor-element elementor-element-786353e\" data-id=\"786353e\" data-element_type=\"column\" data-e-type=\"column\">\n\t\t\t<div class=\"elementor-widget-wrap elementor-element-populated\">\n\t\t\t\t\t\t<div class=\"elementor-element elementor-element-a5be047 elementor-widget elementor-widget-text-editor\" data-id=\"a5be047\" data-element_type=\"widget\" data-e-type=\"widget\" data-widget_type=\"text-editor.default\">\n\t\t\t\t<div class=\"elementor-widget-container\">\n\t\t\t\t\t\t\t\t\t<h5>Junioren- und Freie Wettkampfklasse<\/h5><p>Abschlie\u00dfend durften die 13-15-J\u00e4hrigen und die 16+ Gymnastinnen ihre Ger\u00e4t\u00fcbungen pr\u00e4sentieren.\u00a0 Bei den Juniorinnen konnten sich Sophia als 6., Hiyab als 16 und Ana als 19. \u00fcber ihren ersten Wettkampf seit M\u00e4rz 2020 freuen. Zum ersten Mal startete Kira in der Freien Wettkampfklasse und wurde am Ende 7. <\/p><p>F\u00fcr alle Gymnastinnen, Trainerinnen und Kampfrichterinnen war es ein sch\u00f6nes Gef\u00fchl, endlich wieder bei Wettk\u00e4mpfen starten zu k\u00f6nnen.<\/p>\t\t\t\t\t\t\t\t<\/div>\n\t\t\t\t<\/div>\n\t\t\t\t\t<\/div>\n\t\t<\/div>\n\t\t\t\t\t<\/div>\n\t\t<\/section>\n\t\t\t\t<\/div>\n\t\t","protected":false},"excerpt":{"rendered":"<p>Erster Wettkampf f\u00fcr Rhythmische Sportgymnastinnen Am letzten September Wochenende war es endlich soweit, unsere Sportgymnastinnen konnten endlich wieder Wettkampfluft schnuppern. Leider ohne Zuschauer, daf\u00fcr aber mit lautstarken Vereinskameradinnen, die sich gegenseitig unterst\u00fczten. Kinderklasse 7 Jahre Am Samstag durfte zun\u00e4chst der Nachwuchs zeigen was er kann. Alle Gymnastinnen (6-9 Jahre) zeigten eine \u00dcbung ohne Handger\u00e4t. In [&hellip;]<\/p>\n","protected":false},"author":4,"featured_media":1744,"comment_status":"closed","ping_status":"closed","sticky":false,"template":"","format":"standard","meta":{"ocean_post_layout":"","ocean_both_sidebars_style":"","ocean_both_sidebars_content_width":0,"ocean_both_sidebars_sidebars_width":0,"ocean_sidebar":"","ocean_second_sidebar":"","ocean_disable_margins":"enable","ocean_add_body_class":"","ocean_shortcode_before_top_bar":"","ocean_shortcode_after_top_bar":"","ocean_shortcode_before_header":"","ocean_shortcode_after_header":"","ocean_has_shortcode":"","ocean_shortcode_after_title":"","ocean_shortcode_before_footer_widgets":"","ocean_shortcode_after_footer_widgets":"","ocean_shortcode_before_footer_bottom":"","ocean_shortcode_after_footer_bottom":"","ocean_display_top_bar":"default","ocean_display_header":"default","ocean_header_style":"","ocean_center_header_left_menu":"","ocean_custom_header_template":"","ocean_custom_logo":0,"ocean_custom_retina_logo":0,"ocean_custom_logo_max_width":0,"ocean_custom_logo_tablet_max_width":0,"ocean_custom_logo_mobile_max_width":0,"ocean_custom_logo_max_height":0,"ocean_custom_logo_tablet_max_height":0,"ocean_custom_logo_mobile_max_height":0,"ocean_header_custom_menu":"","ocean_menu_typo_font_family":"","ocean_menu_typo_font_subset":"","ocean_menu_typo_font_size":0,"ocean_menu_typo_font_size_tablet":0,"ocean_menu_typo_font_size_mobile":0,"ocean_menu_typo_font_size_unit":"px","ocean_menu_typo_font_weight":"","ocean_menu_typo_font_weight_tablet":"","ocean_menu_typo_font_weight_mobile":"","ocean_menu_typo_transform":"","ocean_menu_typo_transform_tablet":"","ocean_menu_typo_transform_mobile":"","ocean_menu_typo_line_height":0,"ocean_menu_typo_line_height_tablet":0,"ocean_menu_typo_line_height_mobile":0,"ocean_menu_typo_line_height_unit":"","ocean_menu_typo_spacing":0,"ocean_menu_typo_spacing_tablet":0,"ocean_menu_typo_spacing_mobile":0,"ocean_menu_typo_spacing_unit":"","ocean_menu_link_color":"","ocean_menu_link_color_hover":"","ocean_menu_link_color_active":"","ocean_menu_link_background":"","ocean_menu_link_hover_background":"","ocean_menu_link_active_background":"","ocean_menu_social_links_bg":"","ocean_menu_social_hover_links_bg":"","ocean_menu_social_links_color":"","ocean_menu_social_hover_links_color":"","ocean_disable_title":"default","ocean_disable_heading":"default","ocean_post_title":"","ocean_post_subheading":"","ocean_post_title_style":"","ocean_post_title_background_color":"","ocean_post_title_background":0,"ocean_post_title_bg_image_position":"","ocean_post_title_bg_image_attachment":"","ocean_post_title_bg_image_repeat":"","ocean_post_title_bg_image_size":"","ocean_post_title_height":0,"ocean_post_title_bg_overlay":0.5,"ocean_post_title_bg_overlay_color":"","ocean_disable_breadcrumbs":"default","ocean_breadcrumbs_color":"","ocean_breadcrumbs_separator_color":"","ocean_breadcrumbs_links_color":"","ocean_breadcrumbs_links_hover_color":"","ocean_display_footer_widgets":"default","ocean_display_footer_bottom":"default","ocean_custom_footer_template":"","ofc_meta_disable_footer_callout":"","ofc_meta_callout_button_url":"","ofc_meta_callout_button_txt":"","ofc_meta_callout_text":"","ofc_enable_fullscreen":"disable","ofc_fullscreen_speed":0,"ofc_fullscreen_nav":"enable","ofc_fullscreen_nav_pos":"right","ofc_fullscreen_nav_color":"","ofc_fullscreen_nav_tooltip_color":"","ofc_fullscreen_responsive":0,"osp_disable_panel":"default","osh_disable_topbar_sticky":"default","osh_disable_header_sticky":"default","osh_sticky_header_style":"default","osh_sticky_header_effect":"","osh_custom_sticky_logo":0,"osh_custom_retina_sticky_logo":0,"osh_custom_sticky_logo_height":0,"osh_background_color":"","osh_links_color":"","osh_links_hover_color":"","osh_links_active_color":"","osh_links_bg_color":"","osh_links_hover_bg_color":"","osh_links_active_bg_color":"","osh_menu_social_links_color":"","osh_menu_social_hover_links_color":"","ocean_post_oembed":"","ocean_post_self_hosted_media":"","ocean_post_video_embed":"","ocean_link_format":"","ocean_link_format_target":"self","ocean_quote_format":"","ocean_quote_format_link":"post","ocean_gallery_link_images":"off","ocean_gallery_id":[],"footnotes":""},"categories":[1,53,40],"tags":[],"class_list":["post-1746","post","type-post","status-publish","format-standard","has-post-thumbnail","hentry","category-allgemein","category-rsg","category-turnen","entry","has-media"],"yoast_head":"<!-- This site is optimized with the Yoast SEO plugin v27.3 - https:\/\/yoast.com\/product\/yoast-seo-wordpress\/ -->\n<title>Hessischer Vergleichswettkampf - TV Heppenheim<\/title>\n<meta name=\"robots\" content=\"index, follow, max-snippet:-1, max-image-preview:large, max-video-preview:-1\" \/>\n<link rel=\"canonical\" href=\"https:\/\/tvheppenheim.de\/?p=1746\" \/>\n<meta property=\"og:locale\" content=\"de_DE\" \/>\n<meta property=\"og:type\" content=\"article\" \/>\n<meta property=\"og:title\" content=\"Hessischer Vergleichswettkampf - TV Heppenheim\" \/>\n<meta property=\"og:description\" content=\"Erster Wettkampf f\u00fcr Rhythmische Sportgymnastinnen Am letzten September Wochenende war es endlich soweit, unsere Sportgymnastinnen konnten endlich wieder Wettkampfluft schnuppern. Leider ohne Zuschauer, daf\u00fcr aber mit lautstarken Vereinskameradinnen, die sich gegenseitig unterst\u00fczten. Kinderklasse 7 Jahre Am Samstag durfte zun\u00e4chst der Nachwuchs zeigen was er kann. Alle Gymnastinnen (6-9 Jahre) zeigten eine \u00dcbung ohne Handger\u00e4t. In [&hellip;]\" \/>\n<meta property=\"og:url\" content=\"https:\/\/tvheppenheim.de\/?p=1746\" \/>\n<meta property=\"og:site_name\" content=\"TV Heppenheim\" \/>\n<meta property=\"article:published_time\" content=\"2021-10-04T17:28:40+00:00\" \/>\n<meta property=\"article:modified_time\" content=\"2021-10-04T18:35:34+00:00\" \/>\n<meta property=\"og:image\" content=\"https:\/\/tvheppenheim.de\/wp-content\/uploads\/2021\/10\/IMG_6701.jpg\" \/>\n\t<meta property=\"og:image:width\" content=\"244\" \/>\n\t<meta property=\"og:image:height\" content=\"191\" \/>\n\t<meta property=\"og:image:type\" content=\"image\/jpeg\" \/>\n<meta name=\"author\" content=\"Britta\" \/>\n<meta name=\"twitter:card\" content=\"summary_large_image\" \/>\n<meta name=\"twitter:label1\" content=\"Verfasst von\" \/>\n\t<meta name=\"twitter:data1\" content=\"Britta\" \/>\n\t<meta name=\"twitter:label2\" content=\"Gesch\u00e4tzte Lesezeit\" \/>\n\t<meta name=\"twitter:data2\" content=\"3\u00a0Minuten\" \/>\n<script type=\"application\/ld+json\" class=\"yoast-schema-graph\">{\"@context\":\"https:\\\/\\\/schema.org\",\"@graph\":[{\"@type\":\"Article\",\"@id\":\"https:\\\/\\\/tvheppenheim.de\\\/?p=1746#article\",\"isPartOf\":{\"@id\":\"https:\\\/\\\/tvheppenheim.de\\\/?p=1746\"},\"author\":{\"name\":\"Britta\",\"@id\":\"https:\\\/\\\/tvheppenheim.de\\\/#\\\/schema\\\/person\\\/7ef19646e5db5efad248c04f1a4230dc\"},\"headline\":\"Hessischer Vergleichswettkampf\",\"datePublished\":\"2021-10-04T17:28:40+00:00\",\"dateModified\":\"2021-10-04T18:35:34+00:00\",\"mainEntityOfPage\":{\"@id\":\"https:\\\/\\\/tvheppenheim.de\\\/?p=1746\"},\"wordCount\":342,\"publisher\":{\"@id\":\"https:\\\/\\\/tvheppenheim.de\\\/#organization\"},\"image\":{\"@id\":\"https:\\\/\\\/tvheppenheim.de\\\/?p=1746#primaryimage\"},\"thumbnailUrl\":\"https:\\\/\\\/tvheppenheim.de\\\/wp-content\\\/uploads\\\/2021\\\/10\\\/IMG_6701.jpg\",\"articleSection\":{\"1\":\"RSG\",\"2\":\"Turnen\"},\"inLanguage\":\"de\"},{\"@type\":\"WebPage\",\"@id\":\"https:\\\/\\\/tvheppenheim.de\\\/?p=1746\",\"url\":\"https:\\\/\\\/tvheppenheim.de\\\/?p=1746\",\"name\":\"Hessischer Vergleichswettkampf - TV Heppenheim\",\"isPartOf\":{\"@id\":\"https:\\\/\\\/tvheppenheim.de\\\/#website\"},\"primaryImageOfPage\":{\"@id\":\"https:\\\/\\\/tvheppenheim.de\\\/?p=1746#primaryimage\"},\"image\":{\"@id\":\"https:\\\/\\\/tvheppenheim.de\\\/?p=1746#primaryimage\"},\"thumbnailUrl\":\"https:\\\/\\\/tvheppenheim.de\\\/wp-content\\\/uploads\\\/2021\\\/10\\\/IMG_6701.jpg\",\"datePublished\":\"2021-10-04T17:28:40+00:00\",\"dateModified\":\"2021-10-04T18:35:34+00:00\",\"breadcrumb\":{\"@id\":\"https:\\\/\\\/tvheppenheim.de\\\/?p=1746#breadcrumb\"},\"inLanguage\":\"de\",\"potentialAction\":[{\"@type\":\"ReadAction\",\"target\":[\"https:\\\/\\\/tvheppenheim.de\\\/?p=1746\"]}]},{\"@type\":\"ImageObject\",\"inLanguage\":\"de\",\"@id\":\"https:\\\/\\\/tvheppenheim.de\\\/?p=1746#primaryimage\",\"url\":\"https:\\\/\\\/tvheppenheim.de\\\/wp-content\\\/uploads\\\/2021\\\/10\\\/IMG_6701.jpg\",\"contentUrl\":\"https:\\\/\\\/tvheppenheim.de\\\/wp-content\\\/uploads\\\/2021\\\/10\\\/IMG_6701.jpg\",\"width\":244,\"height\":191},{\"@type\":\"BreadcrumbList\",\"@id\":\"https:\\\/\\\/tvheppenheim.de\\\/?p=1746#breadcrumb\",\"itemListElement\":[{\"@type\":\"ListItem\",\"position\":1,\"name\":\"Startseite\",\"item\":\"https:\\\/\\\/tvheppenheim.de\\\/\"},{\"@type\":\"ListItem\",\"position\":2,\"name\":\"Hessischer Vergleichswettkampf\"}]},{\"@type\":\"WebSite\",\"@id\":\"https:\\\/\\\/tvheppenheim.de\\\/#website\",\"url\":\"https:\\\/\\\/tvheppenheim.de\\\/\",\"name\":\"TV Heppenheim\",\"description\":\"\",\"publisher\":{\"@id\":\"https:\\\/\\\/tvheppenheim.de\\\/#organization\"},\"potentialAction\":[{\"@type\":\"SearchAction\",\"target\":{\"@type\":\"EntryPoint\",\"urlTemplate\":\"https:\\\/\\\/tvheppenheim.de\\\/?s={search_term_string}\"},\"query-input\":{\"@type\":\"PropertyValueSpecification\",\"valueRequired\":true,\"valueName\":\"search_term_string\"}}],\"inLanguage\":\"de\"},{\"@type\":\"Organization\",\"@id\":\"https:\\\/\\\/tvheppenheim.de\\\/#organization\",\"name\":\"TV Heppenheim\",\"url\":\"https:\\\/\\\/tvheppenheim.de\\\/\",\"logo\":{\"@type\":\"ImageObject\",\"inLanguage\":\"de\",\"@id\":\"https:\\\/\\\/tvheppenheim.de\\\/#\\\/schema\\\/logo\\\/image\\\/\",\"url\":\"https:\\\/\\\/tvheppenheim.de\\\/wp-content\\\/uploads\\\/2021\\\/05\\\/TVH_Header_hell_mit_Starkenburg_gesamt_dunkler_Kopf.png\",\"contentUrl\":\"https:\\\/\\\/tvheppenheim.de\\\/wp-content\\\/uploads\\\/2021\\\/05\\\/TVH_Header_hell_mit_Starkenburg_gesamt_dunkler_Kopf.png\",\"width\":1200,\"height\":124,\"caption\":\"TV Heppenheim\"},\"image\":{\"@id\":\"https:\\\/\\\/tvheppenheim.de\\\/#\\\/schema\\\/logo\\\/image\\\/\"}},{\"@type\":\"Person\",\"@id\":\"https:\\\/\\\/tvheppenheim.de\\\/#\\\/schema\\\/person\\\/7ef19646e5db5efad248c04f1a4230dc\",\"name\":\"Britta\",\"image\":{\"@type\":\"ImageObject\",\"inLanguage\":\"de\",\"@id\":\"https:\\\/\\\/secure.gravatar.com\\\/avatar\\\/e3f710a2a2f52b8408a804271f1a51e68215c5876ab67fe6bf40c338704542b0?s=96&d=mm&r=g\",\"url\":\"https:\\\/\\\/secure.gravatar.com\\\/avatar\\\/e3f710a2a2f52b8408a804271f1a51e68215c5876ab67fe6bf40c338704542b0?s=96&d=mm&r=g\",\"contentUrl\":\"https:\\\/\\\/secure.gravatar.com\\\/avatar\\\/e3f710a2a2f52b8408a804271f1a51e68215c5876ab67fe6bf40c338704542b0?s=96&d=mm&r=g\",\"caption\":\"Britta\"},\"url\":\"https:\\\/\\\/tvheppenheim.de\\\/?author=4\"}]}<\/script>\n<!-- \/ Yoast SEO plugin. -->","yoast_head_json":{"title":"Hessischer Vergleichswettkampf - TV Heppenheim","robots":{"index":"index","follow":"follow","max-snippet":"max-snippet:-1","max-image-preview":"max-image-preview:large","max-video-preview":"max-video-preview:-1"},"canonical":"https:\/\/tvheppenheim.de\/?p=1746","og_locale":"de_DE","og_type":"article","og_title":"Hessischer Vergleichswettkampf - TV Heppenheim","og_description":"Erster Wettkampf f\u00fcr Rhythmische Sportgymnastinnen Am letzten September Wochenende war es endlich soweit, unsere Sportgymnastinnen konnten endlich wieder Wettkampfluft schnuppern. Leider ohne Zuschauer, daf\u00fcr aber mit lautstarken Vereinskameradinnen, die sich gegenseitig unterst\u00fczten. Kinderklasse 7 Jahre Am Samstag durfte zun\u00e4chst der Nachwuchs zeigen was er kann. Alle Gymnastinnen (6-9 Jahre) zeigten eine \u00dcbung ohne Handger\u00e4t. In [&hellip;]","og_url":"https:\/\/tvheppenheim.de\/?p=1746","og_site_name":"TV Heppenheim","article_published_time":"2021-10-04T17:28:40+00:00","article_modified_time":"2021-10-04T18:35:34+00:00","og_image":[{"width":244,"height":191,"url":"https:\/\/tvheppenheim.de\/wp-content\/uploads\/2021\/10\/IMG_6701.jpg","type":"image\/jpeg"}],"author":"Britta","twitter_card":"summary_large_image","twitter_misc":{"Verfasst von":"Britta","Gesch\u00e4tzte Lesezeit":"3\u00a0Minuten"},"schema":{"@context":"https:\/\/schema.org","@graph":[{"@type":"Article","@id":"https:\/\/tvheppenheim.de\/?p=1746#article","isPartOf":{"@id":"https:\/\/tvheppenheim.de\/?p=1746"},"author":{"name":"Britta","@id":"https:\/\/tvheppenheim.de\/#\/schema\/person\/7ef19646e5db5efad248c04f1a4230dc"},"headline":"Hessischer Vergleichswettkampf","datePublished":"2021-10-04T17:28:40+00:00","dateModified":"2021-10-04T18:35:34+00:00","mainEntityOfPage":{"@id":"https:\/\/tvheppenheim.de\/?p=1746"},"wordCount":342,"publisher":{"@id":"https:\/\/tvheppenheim.de\/#organization"},"image":{"@id":"https:\/\/tvheppenheim.de\/?p=1746#primaryimage"},"thumbnailUrl":"https:\/\/tvheppenheim.de\/wp-content\/uploads\/2021\/10\/IMG_6701.jpg","articleSection":{"1":"RSG","2":"Turnen"},"inLanguage":"de"},{"@type":"WebPage","@id":"https:\/\/tvheppenheim.de\/?p=1746","url":"https:\/\/tvheppenheim.de\/?p=1746","name":"Hessischer Vergleichswettkampf - TV Heppenheim","isPartOf":{"@id":"https:\/\/tvheppenheim.de\/#website"},"primaryImageOfPage":{"@id":"https:\/\/tvheppenheim.de\/?p=1746#primaryimage"},"image":{"@id":"https:\/\/tvheppenheim.de\/?p=1746#primaryimage"},"thumbnailUrl":"https:\/\/tvheppenheim.de\/wp-content\/uploads\/2021\/10\/IMG_6701.jpg","datePublished":"2021-10-04T17:28:40+00:00","dateModified":"2021-10-04T18:35:34+00:00","breadcrumb":{"@id":"https:\/\/tvheppenheim.de\/?p=1746#breadcrumb"},"inLanguage":"de","potentialAction":[{"@type":"ReadAction","target":["https:\/\/tvheppenheim.de\/?p=1746"]}]},{"@type":"ImageObject","inLanguage":"de","@id":"https:\/\/tvheppenheim.de\/?p=1746#primaryimage","url":"https:\/\/tvheppenheim.de\/wp-content\/uploads\/2021\/10\/IMG_6701.jpg","contentUrl":"https:\/\/tvheppenheim.de\/wp-content\/uploads\/2021\/10\/IMG_6701.jpg","width":244,"height":191},{"@type":"BreadcrumbList","@id":"https:\/\/tvheppenheim.de\/?p=1746#breadcrumb","itemListElement":[{"@type":"ListItem","position":1,"name":"Startseite","item":"https:\/\/tvheppenheim.de\/"},{"@type":"ListItem","position":2,"name":"Hessischer Vergleichswettkampf"}]},{"@type":"WebSite","@id":"https:\/\/tvheppenheim.de\/#website","url":"https:\/\/tvheppenheim.de\/","name":"TV Heppenheim","description":"","publisher":{"@id":"https:\/\/tvheppenheim.de\/#organization"},"potentialAction":[{"@type":"SearchAction","target":{"@type":"EntryPoint","urlTemplate":"https:\/\/tvheppenheim.de\/?s={search_term_string}"},"query-input":{"@type":"PropertyValueSpecification","valueRequired":true,"valueName":"search_term_string"}}],"inLanguage":"de"},{"@type":"Organization","@id":"https:\/\/tvheppenheim.de\/#organization","name":"TV Heppenheim","url":"https:\/\/tvheppenheim.de\/","logo":{"@type":"ImageObject","inLanguage":"de","@id":"https:\/\/tvheppenheim.de\/#\/schema\/logo\/image\/","url":"https:\/\/tvheppenheim.de\/wp-content\/uploads\/2021\/05\/TVH_Header_hell_mit_Starkenburg_gesamt_dunkler_Kopf.png","contentUrl":"https:\/\/tvheppenheim.de\/wp-content\/uploads\/2021\/05\/TVH_Header_hell_mit_Starkenburg_gesamt_dunkler_Kopf.png","width":1200,"height":124,"caption":"TV Heppenheim"},"image":{"@id":"https:\/\/tvheppenheim.de\/#\/schema\/logo\/image\/"}},{"@type":"Person","@id":"https:\/\/tvheppenheim.de\/#\/schema\/person\/7ef19646e5db5efad248c04f1a4230dc","name":"Britta","image":{"@type":"ImageObject","inLanguage":"de","@id":"https:\/\/secure.gravatar.com\/avatar\/e3f710a2a2f52b8408a804271f1a51e68215c5876ab67fe6bf40c338704542b0?s=96&d=mm&r=g","url":"https:\/\/secure.gravatar.com\/avatar\/e3f710a2a2f52b8408a804271f1a51e68215c5876ab67fe6bf40c338704542b0?s=96&d=mm&r=g","contentUrl":"https:\/\/secure.gravatar.com\/avatar\/e3f710a2a2f52b8408a804271f1a51e68215c5876ab67fe6bf40c338704542b0?s=96&d=mm&r=g","caption":"Britta"},"url":"https:\/\/tvheppenheim.de\/?author=4"}]}},"_links":{"self":[{"href":"https:\/\/tvheppenheim.de\/index.php?rest_route=\/wp\/v2\/posts\/1746","targetHints":{"allow":["GET"]}}],"collection":[{"href":"https:\/\/tvheppenheim.de\/index.php?rest_route=\/wp\/v2\/posts"}],"about":[{"href":"https:\/\/tvheppenheim.de\/index.php?rest_route=\/wp\/v2\/types\/post"}],"author":[{"embeddable":true,"href":"https:\/\/tvheppenheim.de\/index.php?rest_route=\/wp\/v2\/users\/4"}],"replies":[{"embeddable":true,"href":"https:\/\/tvheppenheim.de\/index.php?rest_route=%2Fwp%2Fv2%2Fcomments&post=1746"}],"version-history":[{"count":25,"href":"https:\/\/tvheppenheim.de\/index.php?rest_route=\/wp\/v2\/posts\/1746\/revisions"}],"predecessor-version":[{"id":1785,"href":"https:\/\/tvheppenheim.de\/index.php?rest_route=\/wp\/v2\/posts\/1746\/revisions\/1785"}],"wp:featuredmedia":[{"embeddable":true,"href":"https:\/\/tvheppenheim.de\/index.php?rest_route=\/wp\/v2\/media\/1744"}],"wp:attachment":[{"href":"https:\/\/tvheppenheim.de\/index.php?rest_route=%2Fwp%2Fv2%2Fmedia&parent=1746"}],"wp:term":[{"taxonomy":"category","embeddable":true,"href":"https:\/\/tvheppenheim.de\/index.php?rest_route=%2Fwp%2Fv2%2Fcategories&post=1746"},{"taxonomy":"post_tag","embeddable":true,"href":"https:\/\/tvheppenheim.de\/index.php?rest_route=%2Fwp%2Fv2%2Ftags&post=1746"}],"curies":[{"name":"wp","href":"https:\/\/api.w.org\/{rel}","templated":true}]}}