{"id":1793,"date":"2021-11-02T09:52:37","date_gmt":"2021-11-02T08:52:37","guid":{"rendered":"https:\/\/tvheppenheim.de\/?p=1793"},"modified":"2021-11-02T09:59:14","modified_gmt":"2021-11-02T08:59:14","slug":"juergen-molitor-bekommt-die-hoechste-ehrenamtsauszeichnung","status":"publish","type":"post","link":"https:\/\/tvheppenheim.de\/?p=1793","title":{"rendered":"J\u00fcrgen Molitor bekommt die h\u00f6chste Ehrenamtsauszeichnung"},"content":{"rendered":"\t\t<div data-elementor-type=\"wp-post\" data-elementor-id=\"1793\" class=\"elementor elementor-1793\" data-elementor-post-type=\"post\">\n\t\t\t\t\t\t<section class=\"elementor-section elementor-top-section elementor-element elementor-element-4e9c389 elementor-section-boxed elementor-section-height-default elementor-section-height-default\" data-id=\"4e9c389\" data-element_type=\"section\" data-e-type=\"section\">\n\t\t\t\t\t\t<div class=\"elementor-container elementor-column-gap-default\">\n\t\t\t\t\t<div class=\"elementor-column elementor-col-100 elementor-top-column elementor-element elementor-element-3144721\" data-id=\"3144721\" data-element_type=\"column\" data-e-type=\"column\">\n\t\t\t<div class=\"elementor-widget-wrap elementor-element-populated\">\n\t\t\t\t\t\t<section class=\"elementor-section elementor-inner-section elementor-element elementor-element-ef13292 elementor-section-boxed elementor-section-height-default elementor-section-height-default\" data-id=\"ef13292\" data-element_type=\"section\" data-e-type=\"section\">\n\t\t\t\t\t\t<div class=\"elementor-container elementor-column-gap-default\">\n\t\t\t\t\t<div class=\"elementor-column elementor-col-50 elementor-inner-column elementor-element elementor-element-98b6a08\" data-id=\"98b6a08\" data-element_type=\"column\" data-e-type=\"column\">\n\t\t\t<div class=\"elementor-widget-wrap elementor-element-populated\">\n\t\t\t\t\t\t<div class=\"elementor-element elementor-element-f92a8ab elementor-widget elementor-widget-image\" data-id=\"f92a8ab\" data-element_type=\"widget\" data-e-type=\"widget\" data-widget_type=\"image.default\">\n\t\t\t\t<div class=\"elementor-widget-container\">\n\t\t\t\t\t\t\t\t\t\t\t\t\t\t\t<img fetchpriority=\"high\" decoding=\"async\" width=\"768\" height=\"576\" src=\"https:\/\/tvheppenheim.de\/wp-content\/uploads\/2021\/11\/WU18_201902_2-768x576-1.jpg\" class=\"attachment-large size-large wp-image-1800\" alt=\"\" srcset=\"https:\/\/tvheppenheim.de\/wp-content\/uploads\/2021\/11\/WU18_201902_2-768x576-1.jpg 768w, https:\/\/tvheppenheim.de\/wp-content\/uploads\/2021\/11\/WU18_201902_2-768x576-1-300x225.jpg 300w\" sizes=\"(max-width: 768px) 100vw, 768px\" \/>\t\t\t\t\t\t\t\t\t\t\t\t\t\t\t<\/div>\n\t\t\t\t<\/div>\n\t\t\t\t\t<\/div>\n\t\t<\/div>\n\t\t\t\t<div class=\"elementor-column elementor-col-50 elementor-inner-column elementor-element elementor-element-338c788\" data-id=\"338c788\" data-element_type=\"column\" data-e-type=\"column\">\n\t\t\t<div class=\"elementor-widget-wrap elementor-element-populated\">\n\t\t\t\t\t\t<div class=\"elementor-element elementor-element-529939f elementor-widget elementor-widget-text-editor\" data-id=\"529939f\" data-element_type=\"widget\" data-e-type=\"widget\" data-widget_type=\"text-editor.default\">\n\t\t\t\t<div class=\"elementor-widget-container\">\n\t\t\t\t\t\t\t\t\t<p>Die\u00a0<em>Silberne Ehrennadel<\/em>\u00a0ist die h\u00f6chste Auszeichnung in Hessen die man f\u00fcr ein Ehrenamt bekommen kann.\u00a0<br \/>In den Jahren 2020\/2021 haben nur 30 Personen diese Auszeichnung im Land Hessen bekommen.\u00a0\u00a0<\/p><p>Die Black Dogs und der TV Heppenheim sch\u00e4tzen sich gl\u00fccklich eine solche Person im Verein und als Mitstreiter zu haben.<\/p>\t\t\t\t\t\t\t\t<\/div>\n\t\t\t\t<\/div>\n\t\t\t\t\t<\/div>\n\t\t<\/div>\n\t\t\t\t\t<\/div>\n\t\t<\/section>\n\t\t\t\t\t<\/div>\n\t\t<\/div>\n\t\t\t\t\t<\/div>\n\t\t<\/section>\n\t\t\t\t<section class=\"elementor-section elementor-top-section elementor-element elementor-element-61c5438 elementor-section-boxed elementor-section-height-default elementor-section-height-default\" data-id=\"61c5438\" data-element_type=\"section\" data-e-type=\"section\">\n\t\t\t\t\t\t<div class=\"elementor-container elementor-column-gap-default\">\n\t\t\t\t\t<div class=\"elementor-column elementor-col-100 elementor-top-column elementor-element elementor-element-3d43561\" data-id=\"3d43561\" data-element_type=\"column\" data-e-type=\"column\">\n\t\t\t<div class=\"elementor-widget-wrap elementor-element-populated\">\n\t\t\t\t\t\t<section class=\"elementor-section elementor-inner-section elementor-element elementor-element-85d43db elementor-section-boxed elementor-section-height-default elementor-section-height-default\" data-id=\"85d43db\" data-element_type=\"section\" data-e-type=\"section\">\n\t\t\t\t\t\t<div class=\"elementor-container elementor-column-gap-default\">\n\t\t\t\t\t<div class=\"elementor-column elementor-col-50 elementor-inner-column elementor-element elementor-element-1a6a554\" data-id=\"1a6a554\" data-element_type=\"column\" data-e-type=\"column\">\n\t\t\t<div class=\"elementor-widget-wrap elementor-element-populated\">\n\t\t\t\t\t\t<div class=\"elementor-element elementor-element-62dbd91 elementor-widget elementor-widget-text-editor\" data-id=\"62dbd91\" data-element_type=\"widget\" data-e-type=\"widget\" data-widget_type=\"text-editor.default\">\n\t\t\t\t<div class=\"elementor-widget-container\">\n\t\t\t\t\t\t\t\t\t<p><strong>J\u00fcrgen Molitor<\/strong>\u00a0hat diese Auszeichung f\u00fcr seine Verdienste vom Landrat Christian Engelhardt am Fr. den 29.10.2021 \u00fcberreicht bekommen.<\/p><p>Ein kleinen Ausschnitt m\u00f6chten wir kurz Aufzeigen:<br \/><br \/><\/p><ul><li>Abteilungsvorsitz und Leitung der Abteilung der Basketballer des TV Heppenheim von 1998 \u2013 2018<br \/><br \/><\/li><li>Trainer der Damenjugend- und Damenmannschaften von 2004 \u2013 2018 bis heute<br \/><br \/><\/li><li>Aufstieg mit der Damenmannschaft in die Oberliga 2011, 2014 und damit Trainer der am h\u00f6chsten spielenden Mannschaft in Heppenheim<br \/><br \/><\/li><li>Bezirkspokalsieg der Damen \u00a0 2010 , Teilnahme am Final 4 Hessenpokal<br \/><br \/><\/li><li>Diverse Kreis-, Bezirksmeisterschaften und Hessenpokalsiege\u00a0<br \/>im Jugendbereich 2009\/2010\/2011-2012 \/ 2013 \/ 2014 \/ 2015<\/li><\/ul>\t\t\t\t\t\t\t\t<\/div>\n\t\t\t\t<\/div>\n\t\t\t\t\t<\/div>\n\t\t<\/div>\n\t\t\t\t<div class=\"elementor-column elementor-col-50 elementor-inner-column elementor-element elementor-element-f0c202d\" data-id=\"f0c202d\" data-element_type=\"column\" data-e-type=\"column\">\n\t\t\t<div class=\"elementor-widget-wrap elementor-element-populated\">\n\t\t\t\t\t\t<div class=\"elementor-element elementor-element-2bd6817 elementor-widget elementor-widget-image\" data-id=\"2bd6817\" data-element_type=\"widget\" data-e-type=\"widget\" data-widget_type=\"image.default\">\n\t\t\t\t<div class=\"elementor-widget-container\">\n\t\t\t\t\t\t\t\t\t\t\t\t\t\t\t<img decoding=\"async\" width=\"1024\" height=\"768\" src=\"https:\/\/tvheppenheim.de\/wp-content\/uploads\/2021\/11\/WhatsApp-Image-2019-01-26-at-20.41.52-1024x768-1.jpeg\" class=\"attachment-large size-large wp-image-1799\" alt=\"\" srcset=\"https:\/\/tvheppenheim.de\/wp-content\/uploads\/2021\/11\/WhatsApp-Image-2019-01-26-at-20.41.52-1024x768-1.jpeg 1024w, https:\/\/tvheppenheim.de\/wp-content\/uploads\/2021\/11\/WhatsApp-Image-2019-01-26-at-20.41.52-1024x768-1-300x225.jpeg 300w, https:\/\/tvheppenheim.de\/wp-content\/uploads\/2021\/11\/WhatsApp-Image-2019-01-26-at-20.41.52-1024x768-1-768x576.jpeg 768w\" sizes=\"(max-width: 1024px) 100vw, 1024px\" \/>\t\t\t\t\t\t\t\t\t\t\t\t\t\t\t<\/div>\n\t\t\t\t<\/div>\n\t\t\t\t\t<\/div>\n\t\t<\/div>\n\t\t\t\t\t<\/div>\n\t\t<\/section>\n\t\t\t\t\t<\/div>\n\t\t<\/div>\n\t\t\t\t\t<\/div>\n\t\t<\/section>\n\t\t\t\t<section class=\"elementor-section elementor-top-section elementor-element elementor-element-f722c90 elementor-section-boxed elementor-section-height-default elementor-section-height-default\" data-id=\"f722c90\" data-element_type=\"section\" data-e-type=\"section\">\n\t\t\t\t\t\t<div class=\"elementor-container elementor-column-gap-default\">\n\t\t\t\t\t<div class=\"elementor-column elementor-col-100 elementor-top-column elementor-element elementor-element-b115f9b\" data-id=\"b115f9b\" data-element_type=\"column\" data-e-type=\"column\">\n\t\t\t<div class=\"elementor-widget-wrap elementor-element-populated\">\n\t\t\t\t\t\t<section class=\"elementor-section elementor-inner-section elementor-element elementor-element-f7b4416 elementor-section-boxed elementor-section-height-default elementor-section-height-default\" data-id=\"f7b4416\" data-element_type=\"section\" data-e-type=\"section\">\n\t\t\t\t\t\t<div class=\"elementor-container elementor-column-gap-default\">\n\t\t\t\t\t<div class=\"elementor-column elementor-col-50 elementor-inner-column elementor-element elementor-element-8bc4e19\" data-id=\"8bc4e19\" data-element_type=\"column\" data-e-type=\"column\">\n\t\t\t<div class=\"elementor-widget-wrap elementor-element-populated\">\n\t\t\t\t\t\t<div class=\"elementor-element elementor-element-ba51a05 elementor-widget elementor-widget-image\" data-id=\"ba51a05\" data-element_type=\"widget\" data-e-type=\"widget\" data-widget_type=\"image.default\">\n\t\t\t\t<div class=\"elementor-widget-container\">\n\t\t\t\t\t\t\t\t\t\t\t\t\t\t\t<img decoding=\"async\" width=\"225\" height=\"300\" src=\"https:\/\/tvheppenheim.de\/wp-content\/uploads\/2021\/11\/IMG_20211029_194337-225x300-1.jpg\" class=\"attachment-large size-large wp-image-1796\" alt=\"\" \/>\t\t\t\t\t\t\t\t\t\t\t\t\t\t\t<\/div>\n\t\t\t\t<\/div>\n\t\t\t\t\t<\/div>\n\t\t<\/div>\n\t\t\t\t<div class=\"elementor-column elementor-col-50 elementor-inner-column elementor-element elementor-element-1a1812c\" data-id=\"1a1812c\" data-element_type=\"column\" data-e-type=\"column\">\n\t\t\t<div class=\"elementor-widget-wrap elementor-element-populated\">\n\t\t\t\t\t\t<div class=\"elementor-element elementor-element-304646e elementor-widget elementor-widget-image\" data-id=\"304646e\" data-element_type=\"widget\" data-e-type=\"widget\" data-widget_type=\"image.default\">\n\t\t\t\t<div class=\"elementor-widget-container\">\n\t\t\t\t\t\t\t\t\t\t\t\t\t\t\t<img loading=\"lazy\" decoding=\"async\" width=\"225\" height=\"300\" src=\"https:\/\/tvheppenheim.de\/wp-content\/uploads\/2021\/11\/IMG_20211029_194329-225x300-1.jpg\" class=\"attachment-large size-large wp-image-1795\" alt=\"\" \/>\t\t\t\t\t\t\t\t\t\t\t\t\t\t\t<\/div>\n\t\t\t\t<\/div>\n\t\t\t\t\t<\/div>\n\t\t<\/div>\n\t\t\t\t\t<\/div>\n\t\t<\/section>\n\t\t\t\t\t<\/div>\n\t\t<\/div>\n\t\t\t\t\t<\/div>\n\t\t<\/section>\n\t\t\t\t<section class=\"elementor-section elementor-top-section elementor-element elementor-element-05d45f2 elementor-section-boxed elementor-section-height-default elementor-section-height-default\" data-id=\"05d45f2\" data-element_type=\"section\" data-e-type=\"section\">\n\t\t\t\t\t\t<div class=\"elementor-container elementor-column-gap-default\">\n\t\t\t\t\t<div class=\"elementor-column elementor-col-100 elementor-top-column elementor-element elementor-element-5721eea\" data-id=\"5721eea\" data-element_type=\"column\" data-e-type=\"column\">\n\t\t\t<div class=\"elementor-widget-wrap elementor-element-populated\">\n\t\t\t\t\t\t<div class=\"elementor-element elementor-element-f52a8d4 elementor-widget elementor-widget-text-editor\" data-id=\"f52a8d4\" data-element_type=\"widget\" data-e-type=\"widget\" data-widget_type=\"text-editor.default\">\n\t\t\t\t<div class=\"elementor-widget-container\">\n\t\t\t\t\t\t\t\t\t<p>Am Freitag (29.10.21) Abend gab es im Rahmen einiger Musik- und Tanzauftritte die feierliche \u00dcbergabe vom Landrat Christian Engelhardt mit den anderen zu Ehrenden.<\/p><p>Auch einige Mitglieder vom TV Heppenheim insbesondere der Back Dogs wollten bei dieser Feierlichkeit dabei sein.<\/p>\t\t\t\t\t\t\t\t<\/div>\n\t\t\t\t<\/div>\n\t\t\t\t\t<\/div>\n\t\t<\/div>\n\t\t\t\t\t<\/div>\n\t\t<\/section>\n\t\t\t\t<section class=\"elementor-section elementor-top-section elementor-element elementor-element-8a6f8a5 elementor-section-boxed elementor-section-height-default elementor-section-height-default\" data-id=\"8a6f8a5\" data-element_type=\"section\" data-e-type=\"section\">\n\t\t\t\t\t\t<div class=\"elementor-container elementor-column-gap-default\">\n\t\t\t\t\t<div class=\"elementor-column elementor-col-100 elementor-top-column elementor-element elementor-element-ed61032\" data-id=\"ed61032\" data-element_type=\"column\" data-e-type=\"column\">\n\t\t\t<div class=\"elementor-widget-wrap elementor-element-populated\">\n\t\t\t\t\t\t<div class=\"elementor-element elementor-element-b8926bb elementor-widget elementor-widget-image\" data-id=\"b8926bb\" data-element_type=\"widget\" data-e-type=\"widget\" data-widget_type=\"image.default\">\n\t\t\t\t<div class=\"elementor-widget-container\">\n\t\t\t\t\t\t\t\t\t\t\t\t\t\t\t<img loading=\"lazy\" decoding=\"async\" width=\"768\" height=\"576\" src=\"https:\/\/tvheppenheim.de\/wp-content\/uploads\/2021\/11\/IMG_20211029_210307-768x576-1.jpg\" class=\"attachment-large size-large wp-image-1797\" alt=\"\" srcset=\"https:\/\/tvheppenheim.de\/wp-content\/uploads\/2021\/11\/IMG_20211029_210307-768x576-1.jpg 768w, https:\/\/tvheppenheim.de\/wp-content\/uploads\/2021\/11\/IMG_20211029_210307-768x576-1-300x225.jpg 300w\" sizes=\"(max-width: 768px) 100vw, 768px\" \/>\t\t\t\t\t\t\t\t\t\t\t\t\t\t\t<\/div>\n\t\t\t\t<\/div>\n\t\t\t\t\t<\/div>\n\t\t<\/div>\n\t\t\t\t\t<\/div>\n\t\t<\/section>\n\t\t\t\t<section class=\"elementor-section elementor-top-section elementor-element elementor-element-b6fb970 elementor-section-boxed elementor-section-height-default elementor-section-height-default\" data-id=\"b6fb970\" data-element_type=\"section\" data-e-type=\"section\">\n\t\t\t\t\t\t<div class=\"elementor-container elementor-column-gap-default\">\n\t\t\t\t\t<div class=\"elementor-column elementor-col-100 elementor-top-column elementor-element elementor-element-321d1a8\" data-id=\"321d1a8\" data-element_type=\"column\" data-e-type=\"column\">\n\t\t\t<div class=\"elementor-widget-wrap elementor-element-populated\">\n\t\t\t\t\t\t<div class=\"elementor-element elementor-element-90b5de2 elementor-widget elementor-widget-text-editor\" data-id=\"90b5de2\" data-element_type=\"widget\" data-e-type=\"widget\" data-widget_type=\"text-editor.default\">\n\t\t\t\t<div class=\"elementor-widget-container\">\n\t\t\t\t\t\t\t\t\t<p><strong>J\u00fcrgen wir danken dir<\/strong>\u00a0und sind froh dich und deine Familie (die dich immer unterst\u00fctzt) im Verein zu haben.<br \/><br \/><\/p><p>Armin Matthie\u00dfen, Nov. 2021<br \/>Abteilungsleiter \/ Basketball<\/p>\t\t\t\t\t\t\t\t<\/div>\n\t\t\t\t<\/div>\n\t\t\t\t\t<\/div>\n\t\t<\/div>\n\t\t\t\t\t<\/div>\n\t\t<\/section>\n\t\t\t\t<\/div>\n\t\t","protected":false},"excerpt":{"rendered":"<p>Die\u00a0Silberne Ehrennadel\u00a0ist die h\u00f6chste Auszeichnung in Hessen die man f\u00fcr ein Ehrenamt bekommen kann.\u00a0In den Jahren 2020\/2021 haben nur 30 Personen diese Auszeichnung im Land Hessen bekommen.\u00a0\u00a0 Die Black Dogs und der TV Heppenheim sch\u00e4tzen sich gl\u00fccklich eine solche Person im Verein und als Mitstreiter zu haben. J\u00fcrgen Molitor\u00a0hat diese Auszeichung f\u00fcr seine Verdienste vom [&hellip;]<\/p>\n","protected":false},"author":2,"featured_media":1798,"comment_status":"closed","ping_status":"closed","sticky":false,"template":"","format":"standard","meta":{"ocean_post_layout":"","ocean_both_sidebars_style":"","ocean_both_sidebars_content_width":0,"ocean_both_sidebars_sidebars_width":0,"ocean_sidebar":"0","ocean_second_sidebar":"0","ocean_disable_margins":"enable","ocean_add_body_class":"","ocean_shortcode_before_top_bar":"","ocean_shortcode_after_top_bar":"","ocean_shortcode_before_header":"","ocean_shortcode_after_header":"","ocean_has_shortcode":"","ocean_shortcode_after_title":"","ocean_shortcode_before_footer_widgets":"","ocean_shortcode_after_footer_widgets":"","ocean_shortcode_before_footer_bottom":"","ocean_shortcode_after_footer_bottom":"","ocean_display_top_bar":"default","ocean_display_header":"default","ocean_header_style":"","ocean_center_header_left_menu":"0","ocean_custom_header_template":"0","ocean_custom_logo":0,"ocean_custom_retina_logo":0,"ocean_custom_logo_max_width":0,"ocean_custom_logo_tablet_max_width":0,"ocean_custom_logo_mobile_max_width":0,"ocean_custom_logo_max_height":0,"ocean_custom_logo_tablet_max_height":0,"ocean_custom_logo_mobile_max_height":0,"ocean_header_custom_menu":"0","ocean_menu_typo_font_family":"0","ocean_menu_typo_font_subset":"","ocean_menu_typo_font_size":0,"ocean_menu_typo_font_size_tablet":0,"ocean_menu_typo_font_size_mobile":0,"ocean_menu_typo_font_size_unit":"px","ocean_menu_typo_font_weight":"","ocean_menu_typo_font_weight_tablet":"","ocean_menu_typo_font_weight_mobile":"","ocean_menu_typo_transform":"","ocean_menu_typo_transform_tablet":"","ocean_menu_typo_transform_mobile":"","ocean_menu_typo_line_height":0,"ocean_menu_typo_line_height_tablet":0,"ocean_menu_typo_line_height_mobile":0,"ocean_menu_typo_line_height_unit":"","ocean_menu_typo_spacing":0,"ocean_menu_typo_spacing_tablet":0,"ocean_menu_typo_spacing_mobile":0,"ocean_menu_typo_spacing_unit":"","ocean_menu_link_color":"","ocean_menu_link_color_hover":"","ocean_menu_link_color_active":"","ocean_menu_link_background":"","ocean_menu_link_hover_background":"","ocean_menu_link_active_background":"","ocean_menu_social_links_bg":"","ocean_menu_social_hover_links_bg":"","ocean_menu_social_links_color":"","ocean_menu_social_hover_links_color":"","ocean_disable_title":"default","ocean_disable_heading":"default","ocean_post_title":"","ocean_post_subheading":"","ocean_post_title_style":"","ocean_post_title_background_color":"","ocean_post_title_background":0,"ocean_post_title_bg_image_position":"","ocean_post_title_bg_image_attachment":"","ocean_post_title_bg_image_repeat":"","ocean_post_title_bg_image_size":"","ocean_post_title_height":0,"ocean_post_title_bg_overlay":0.5,"ocean_post_title_bg_overlay_color":"","ocean_disable_breadcrumbs":"default","ocean_breadcrumbs_color":"","ocean_breadcrumbs_separator_color":"","ocean_breadcrumbs_links_color":"","ocean_breadcrumbs_links_hover_color":"","ocean_display_footer_widgets":"default","ocean_display_footer_bottom":"default","ocean_custom_footer_template":"0","ofc_meta_disable_footer_callout":"","ofc_meta_callout_button_url":"","ofc_meta_callout_button_txt":"","ofc_meta_callout_text":"","ofc_enable_fullscreen":"disable","ofc_fullscreen_speed":0,"ofc_fullscreen_nav":"enable","ofc_fullscreen_nav_pos":"right","ofc_fullscreen_nav_color":"","ofc_fullscreen_nav_tooltip_color":"","ofc_fullscreen_responsive":0,"osp_disable_panel":"default","osh_disable_topbar_sticky":"default","osh_disable_header_sticky":"default","osh_sticky_header_style":"default","osh_sticky_header_effect":"","osh_custom_sticky_logo":0,"osh_custom_retina_sticky_logo":0,"osh_custom_sticky_logo_height":0,"osh_background_color":"","osh_links_color":"","osh_links_hover_color":"","osh_links_active_color":"","osh_links_bg_color":"","osh_links_hover_bg_color":"","osh_links_active_bg_color":"","osh_menu_social_links_color":"","osh_menu_social_hover_links_color":"","ocean_post_oembed":"","ocean_post_self_hosted_media":"","ocean_post_video_embed":"","ocean_link_format":"","ocean_link_format_target":"self","ocean_quote_format":"","ocean_quote_format_link":"post","ocean_gallery_link_images":"off","ocean_gallery_id":[],"footnotes":""},"categories":[1,39],"tags":[57,56,58],"class_list":["post-1793","post","type-post","status-publish","format-standard","has-post-thumbnail","hentry","category-allgemein","category-basketball","tag-basektball","tag-ehrenamt","tag-trainer","entry","has-media"],"yoast_head":"<!-- This site is optimized with the Yoast SEO plugin v27.3 - https:\/\/yoast.com\/product\/yoast-seo-wordpress\/ -->\n<title>J\u00fcrgen Molitor bekommt die h\u00f6chste Ehrenamtsauszeichnung - TV Heppenheim<\/title>\n<meta name=\"robots\" content=\"index, follow, max-snippet:-1, max-image-preview:large, max-video-preview:-1\" \/>\n<link rel=\"canonical\" href=\"https:\/\/tvheppenheim.de\/?p=1793\" \/>\n<meta property=\"og:locale\" content=\"de_DE\" \/>\n<meta property=\"og:type\" content=\"article\" \/>\n<meta property=\"og:title\" content=\"J\u00fcrgen Molitor bekommt die h\u00f6chste Ehrenamtsauszeichnung - TV Heppenheim\" \/>\n<meta property=\"og:description\" content=\"Die\u00a0Silberne Ehrennadel\u00a0ist die h\u00f6chste Auszeichnung in Hessen die man f\u00fcr ein Ehrenamt bekommen kann.\u00a0In den Jahren 2020\/2021 haben nur 30 Personen diese Auszeichnung im Land Hessen bekommen.\u00a0\u00a0 Die Black Dogs und der TV Heppenheim sch\u00e4tzen sich gl\u00fccklich eine solche Person im Verein und als Mitstreiter zu haben. J\u00fcrgen Molitor\u00a0hat diese Auszeichung f\u00fcr seine Verdienste vom [&hellip;]\" \/>\n<meta property=\"og:url\" content=\"https:\/\/tvheppenheim.de\/?p=1793\" \/>\n<meta property=\"og:site_name\" content=\"TV Heppenheim\" \/>\n<meta property=\"article:published_time\" content=\"2021-11-02T08:52:37+00:00\" \/>\n<meta property=\"article:modified_time\" content=\"2021-11-02T08:59:14+00:00\" \/>\n<meta property=\"og:image\" content=\"https:\/\/tvheppenheim.de\/wp-content\/uploads\/2021\/11\/juergen_Molitor_2018-848x424-1.jpg\" \/>\n\t<meta property=\"og:image:width\" content=\"848\" \/>\n\t<meta property=\"og:image:height\" content=\"424\" \/>\n\t<meta property=\"og:image:type\" content=\"image\/jpeg\" \/>\n<meta name=\"author\" content=\"Armin\" \/>\n<meta name=\"twitter:card\" content=\"summary_large_image\" \/>\n<meta name=\"twitter:label1\" content=\"Verfasst von\" \/>\n\t<meta name=\"twitter:data1\" content=\"Armin\" \/>\n\t<meta name=\"twitter:label2\" content=\"Gesch\u00e4tzte Lesezeit\" \/>\n\t<meta name=\"twitter:data2\" content=\"2\u00a0Minuten\" \/>\n<script type=\"application\/ld+json\" class=\"yoast-schema-graph\">{\"@context\":\"https:\\\/\\\/schema.org\",\"@graph\":[{\"@type\":\"Article\",\"@id\":\"https:\\\/\\\/tvheppenheim.de\\\/?p=1793#article\",\"isPartOf\":{\"@id\":\"https:\\\/\\\/tvheppenheim.de\\\/?p=1793\"},\"author\":{\"name\":\"Armin\",\"@id\":\"https:\\\/\\\/tvheppenheim.de\\\/#\\\/schema\\\/person\\\/9a0debd2d9e58b884ab39dfa45f7b911\"},\"headline\":\"J\u00fcrgen Molitor bekommt die h\u00f6chste Ehrenamtsauszeichnung\",\"datePublished\":\"2021-11-02T08:52:37+00:00\",\"dateModified\":\"2021-11-02T08:59:14+00:00\",\"mainEntityOfPage\":{\"@id\":\"https:\\\/\\\/tvheppenheim.de\\\/?p=1793\"},\"wordCount\":205,\"publisher\":{\"@id\":\"https:\\\/\\\/tvheppenheim.de\\\/#organization\"},\"image\":{\"@id\":\"https:\\\/\\\/tvheppenheim.de\\\/?p=1793#primaryimage\"},\"thumbnailUrl\":\"https:\\\/\\\/tvheppenheim.de\\\/wp-content\\\/uploads\\\/2021\\\/11\\\/juergen_Molitor_2018-848x424-1.jpg\",\"keywords\":[\"Basektball\",\"Ehrenamt\",\"Trainer\"],\"articleSection\":{\"1\":\"Basketball\"},\"inLanguage\":\"de\"},{\"@type\":\"WebPage\",\"@id\":\"https:\\\/\\\/tvheppenheim.de\\\/?p=1793\",\"url\":\"https:\\\/\\\/tvheppenheim.de\\\/?p=1793\",\"name\":\"J\u00fcrgen Molitor bekommt die h\u00f6chste Ehrenamtsauszeichnung - TV Heppenheim\",\"isPartOf\":{\"@id\":\"https:\\\/\\\/tvheppenheim.de\\\/#website\"},\"primaryImageOfPage\":{\"@id\":\"https:\\\/\\\/tvheppenheim.de\\\/?p=1793#primaryimage\"},\"image\":{\"@id\":\"https:\\\/\\\/tvheppenheim.de\\\/?p=1793#primaryimage\"},\"thumbnailUrl\":\"https:\\\/\\\/tvheppenheim.de\\\/wp-content\\\/uploads\\\/2021\\\/11\\\/juergen_Molitor_2018-848x424-1.jpg\",\"datePublished\":\"2021-11-02T08:52:37+00:00\",\"dateModified\":\"2021-11-02T08:59:14+00:00\",\"breadcrumb\":{\"@id\":\"https:\\\/\\\/tvheppenheim.de\\\/?p=1793#breadcrumb\"},\"inLanguage\":\"de\",\"potentialAction\":[{\"@type\":\"ReadAction\",\"target\":[\"https:\\\/\\\/tvheppenheim.de\\\/?p=1793\"]}]},{\"@type\":\"ImageObject\",\"inLanguage\":\"de\",\"@id\":\"https:\\\/\\\/tvheppenheim.de\\\/?p=1793#primaryimage\",\"url\":\"https:\\\/\\\/tvheppenheim.de\\\/wp-content\\\/uploads\\\/2021\\\/11\\\/juergen_Molitor_2018-848x424-1.jpg\",\"contentUrl\":\"https:\\\/\\\/tvheppenheim.de\\\/wp-content\\\/uploads\\\/2021\\\/11\\\/juergen_Molitor_2018-848x424-1.jpg\",\"width\":848,\"height\":424},{\"@type\":\"BreadcrumbList\",\"@id\":\"https:\\\/\\\/tvheppenheim.de\\\/?p=1793#breadcrumb\",\"itemListElement\":[{\"@type\":\"ListItem\",\"position\":1,\"name\":\"Startseite\",\"item\":\"https:\\\/\\\/tvheppenheim.de\\\/\"},{\"@type\":\"ListItem\",\"position\":2,\"name\":\"J\u00fcrgen Molitor bekommt die h\u00f6chste Ehrenamtsauszeichnung\"}]},{\"@type\":\"WebSite\",\"@id\":\"https:\\\/\\\/tvheppenheim.de\\\/#website\",\"url\":\"https:\\\/\\\/tvheppenheim.de\\\/\",\"name\":\"TV Heppenheim\",\"description\":\"\",\"publisher\":{\"@id\":\"https:\\\/\\\/tvheppenheim.de\\\/#organization\"},\"potentialAction\":[{\"@type\":\"SearchAction\",\"target\":{\"@type\":\"EntryPoint\",\"urlTemplate\":\"https:\\\/\\\/tvheppenheim.de\\\/?s={search_term_string}\"},\"query-input\":{\"@type\":\"PropertyValueSpecification\",\"valueRequired\":true,\"valueName\":\"search_term_string\"}}],\"inLanguage\":\"de\"},{\"@type\":\"Organization\",\"@id\":\"https:\\\/\\\/tvheppenheim.de\\\/#organization\",\"name\":\"TV Heppenheim\",\"url\":\"https:\\\/\\\/tvheppenheim.de\\\/\",\"logo\":{\"@type\":\"ImageObject\",\"inLanguage\":\"de\",\"@id\":\"https:\\\/\\\/tvheppenheim.de\\\/#\\\/schema\\\/logo\\\/image\\\/\",\"url\":\"https:\\\/\\\/tvheppenheim.de\\\/wp-content\\\/uploads\\\/2021\\\/05\\\/TVH_Header_hell_mit_Starkenburg_gesamt_dunkler_Kopf.png\",\"contentUrl\":\"https:\\\/\\\/tvheppenheim.de\\\/wp-content\\\/uploads\\\/2021\\\/05\\\/TVH_Header_hell_mit_Starkenburg_gesamt_dunkler_Kopf.png\",\"width\":1200,\"height\":124,\"caption\":\"TV Heppenheim\"},\"image\":{\"@id\":\"https:\\\/\\\/tvheppenheim.de\\\/#\\\/schema\\\/logo\\\/image\\\/\"}},{\"@type\":\"Person\",\"@id\":\"https:\\\/\\\/tvheppenheim.de\\\/#\\\/schema\\\/person\\\/9a0debd2d9e58b884ab39dfa45f7b911\",\"name\":\"Armin\",\"image\":{\"@type\":\"ImageObject\",\"inLanguage\":\"de\",\"@id\":\"https:\\\/\\\/secure.gravatar.com\\\/avatar\\\/27f36dc256a28955fbe6ec8d72f6f92b0ef4b6b0d9e2280f6adb8dd7a96e1ffe?s=96&d=mm&r=g\",\"url\":\"https:\\\/\\\/secure.gravatar.com\\\/avatar\\\/27f36dc256a28955fbe6ec8d72f6f92b0ef4b6b0d9e2280f6adb8dd7a96e1ffe?s=96&d=mm&r=g\",\"contentUrl\":\"https:\\\/\\\/secure.gravatar.com\\\/avatar\\\/27f36dc256a28955fbe6ec8d72f6f92b0ef4b6b0d9e2280f6adb8dd7a96e1ffe?s=96&d=mm&r=g\",\"caption\":\"Armin\"},\"url\":\"https:\\\/\\\/tvheppenheim.de\\\/?author=2\"}]}<\/script>\n<!-- \/ Yoast SEO plugin. -->","yoast_head_json":{"title":"J\u00fcrgen Molitor bekommt die h\u00f6chste Ehrenamtsauszeichnung - TV Heppenheim","robots":{"index":"index","follow":"follow","max-snippet":"max-snippet:-1","max-image-preview":"max-image-preview:large","max-video-preview":"max-video-preview:-1"},"canonical":"https:\/\/tvheppenheim.de\/?p=1793","og_locale":"de_DE","og_type":"article","og_title":"J\u00fcrgen Molitor bekommt die h\u00f6chste Ehrenamtsauszeichnung - TV Heppenheim","og_description":"Die\u00a0Silberne Ehrennadel\u00a0ist die h\u00f6chste Auszeichnung in Hessen die man f\u00fcr ein Ehrenamt bekommen kann.\u00a0In den Jahren 2020\/2021 haben nur 30 Personen diese Auszeichnung im Land Hessen bekommen.\u00a0\u00a0 Die Black Dogs und der TV Heppenheim sch\u00e4tzen sich gl\u00fccklich eine solche Person im Verein und als Mitstreiter zu haben. J\u00fcrgen Molitor\u00a0hat diese Auszeichung f\u00fcr seine Verdienste vom [&hellip;]","og_url":"https:\/\/tvheppenheim.de\/?p=1793","og_site_name":"TV Heppenheim","article_published_time":"2021-11-02T08:52:37+00:00","article_modified_time":"2021-11-02T08:59:14+00:00","og_image":[{"width":848,"height":424,"url":"https:\/\/tvheppenheim.de\/wp-content\/uploads\/2021\/11\/juergen_Molitor_2018-848x424-1.jpg","type":"image\/jpeg"}],"author":"Armin","twitter_card":"summary_large_image","twitter_misc":{"Verfasst von":"Armin","Gesch\u00e4tzte Lesezeit":"2\u00a0Minuten"},"schema":{"@context":"https:\/\/schema.org","@graph":[{"@type":"Article","@id":"https:\/\/tvheppenheim.de\/?p=1793#article","isPartOf":{"@id":"https:\/\/tvheppenheim.de\/?p=1793"},"author":{"name":"Armin","@id":"https:\/\/tvheppenheim.de\/#\/schema\/person\/9a0debd2d9e58b884ab39dfa45f7b911"},"headline":"J\u00fcrgen Molitor bekommt die h\u00f6chste Ehrenamtsauszeichnung","datePublished":"2021-11-02T08:52:37+00:00","dateModified":"2021-11-02T08:59:14+00:00","mainEntityOfPage":{"@id":"https:\/\/tvheppenheim.de\/?p=1793"},"wordCount":205,"publisher":{"@id":"https:\/\/tvheppenheim.de\/#organization"},"image":{"@id":"https:\/\/tvheppenheim.de\/?p=1793#primaryimage"},"thumbnailUrl":"https:\/\/tvheppenheim.de\/wp-content\/uploads\/2021\/11\/juergen_Molitor_2018-848x424-1.jpg","keywords":["Basektball","Ehrenamt","Trainer"],"articleSection":{"1":"Basketball"},"inLanguage":"de"},{"@type":"WebPage","@id":"https:\/\/tvheppenheim.de\/?p=1793","url":"https:\/\/tvheppenheim.de\/?p=1793","name":"J\u00fcrgen Molitor bekommt die h\u00f6chste Ehrenamtsauszeichnung - TV Heppenheim","isPartOf":{"@id":"https:\/\/tvheppenheim.de\/#website"},"primaryImageOfPage":{"@id":"https:\/\/tvheppenheim.de\/?p=1793#primaryimage"},"image":{"@id":"https:\/\/tvheppenheim.de\/?p=1793#primaryimage"},"thumbnailUrl":"https:\/\/tvheppenheim.de\/wp-content\/uploads\/2021\/11\/juergen_Molitor_2018-848x424-1.jpg","datePublished":"2021-11-02T08:52:37+00:00","dateModified":"2021-11-02T08:59:14+00:00","breadcrumb":{"@id":"https:\/\/tvheppenheim.de\/?p=1793#breadcrumb"},"inLanguage":"de","potentialAction":[{"@type":"ReadAction","target":["https:\/\/tvheppenheim.de\/?p=1793"]}]},{"@type":"ImageObject","inLanguage":"de","@id":"https:\/\/tvheppenheim.de\/?p=1793#primaryimage","url":"https:\/\/tvheppenheim.de\/wp-content\/uploads\/2021\/11\/juergen_Molitor_2018-848x424-1.jpg","contentUrl":"https:\/\/tvheppenheim.de\/wp-content\/uploads\/2021\/11\/juergen_Molitor_2018-848x424-1.jpg","width":848,"height":424},{"@type":"BreadcrumbList","@id":"https:\/\/tvheppenheim.de\/?p=1793#breadcrumb","itemListElement":[{"@type":"ListItem","position":1,"name":"Startseite","item":"https:\/\/tvheppenheim.de\/"},{"@type":"ListItem","position":2,"name":"J\u00fcrgen Molitor bekommt die h\u00f6chste Ehrenamtsauszeichnung"}]},{"@type":"WebSite","@id":"https:\/\/tvheppenheim.de\/#website","url":"https:\/\/tvheppenheim.de\/","name":"TV Heppenheim","description":"","publisher":{"@id":"https:\/\/tvheppenheim.de\/#organization"},"potentialAction":[{"@type":"SearchAction","target":{"@type":"EntryPoint","urlTemplate":"https:\/\/tvheppenheim.de\/?s={search_term_string}"},"query-input":{"@type":"PropertyValueSpecification","valueRequired":true,"valueName":"search_term_string"}}],"inLanguage":"de"},{"@type":"Organization","@id":"https:\/\/tvheppenheim.de\/#organization","name":"TV Heppenheim","url":"https:\/\/tvheppenheim.de\/","logo":{"@type":"ImageObject","inLanguage":"de","@id":"https:\/\/tvheppenheim.de\/#\/schema\/logo\/image\/","url":"https:\/\/tvheppenheim.de\/wp-content\/uploads\/2021\/05\/TVH_Header_hell_mit_Starkenburg_gesamt_dunkler_Kopf.png","contentUrl":"https:\/\/tvheppenheim.de\/wp-content\/uploads\/2021\/05\/TVH_Header_hell_mit_Starkenburg_gesamt_dunkler_Kopf.png","width":1200,"height":124,"caption":"TV Heppenheim"},"image":{"@id":"https:\/\/tvheppenheim.de\/#\/schema\/logo\/image\/"}},{"@type":"Person","@id":"https:\/\/tvheppenheim.de\/#\/schema\/person\/9a0debd2d9e58b884ab39dfa45f7b911","name":"Armin","image":{"@type":"ImageObject","inLanguage":"de","@id":"https:\/\/secure.gravatar.com\/avatar\/27f36dc256a28955fbe6ec8d72f6f92b0ef4b6b0d9e2280f6adb8dd7a96e1ffe?s=96&d=mm&r=g","url":"https:\/\/secure.gravatar.com\/avatar\/27f36dc256a28955fbe6ec8d72f6f92b0ef4b6b0d9e2280f6adb8dd7a96e1ffe?s=96&d=mm&r=g","contentUrl":"https:\/\/secure.gravatar.com\/avatar\/27f36dc256a28955fbe6ec8d72f6f92b0ef4b6b0d9e2280f6adb8dd7a96e1ffe?s=96&d=mm&r=g","caption":"Armin"},"url":"https:\/\/tvheppenheim.de\/?author=2"}]}},"_links":{"self":[{"href":"https:\/\/tvheppenheim.de\/index.php?rest_route=\/wp\/v2\/posts\/1793","targetHints":{"allow":["GET"]}}],"collection":[{"href":"https:\/\/tvheppenheim.de\/index.php?rest_route=\/wp\/v2\/posts"}],"about":[{"href":"https:\/\/tvheppenheim.de\/index.php?rest_route=\/wp\/v2\/types\/post"}],"author":[{"embeddable":true,"href":"https:\/\/tvheppenheim.de\/index.php?rest_route=\/wp\/v2\/users\/2"}],"replies":[{"embeddable":true,"href":"https:\/\/tvheppenheim.de\/index.php?rest_route=%2Fwp%2Fv2%2Fcomments&post=1793"}],"version-history":[{"count":5,"href":"https:\/\/tvheppenheim.de\/index.php?rest_route=\/wp\/v2\/posts\/1793\/revisions"}],"predecessor-version":[{"id":1835,"href":"https:\/\/tvheppenheim.de\/index.php?rest_route=\/wp\/v2\/posts\/1793\/revisions\/1835"}],"wp:featuredmedia":[{"embeddable":true,"href":"https:\/\/tvheppenheim.de\/index.php?rest_route=\/wp\/v2\/media\/1798"}],"wp:attachment":[{"href":"https:\/\/tvheppenheim.de\/index.php?rest_route=%2Fwp%2Fv2%2Fmedia&parent=1793"}],"wp:term":[{"taxonomy":"category","embeddable":true,"href":"https:\/\/tvheppenheim.de\/index.php?rest_route=%2Fwp%2Fv2%2Fcategories&post=1793"},{"taxonomy":"post_tag","embeddable":true,"href":"https:\/\/tvheppenheim.de\/index.php?rest_route=%2Fwp%2Fv2%2Ftags&post=1793"}],"curies":[{"name":"wp","href":"https:\/\/api.w.org\/{rel}","templated":true}]}}