{"id":2040,"date":"2022-06-16T13:17:18","date_gmt":"2022-06-16T11:17:18","guid":{"rendered":"https:\/\/tvheppenheim.de\/?p=2040"},"modified":"2023-02-03T08:40:14","modified_gmt":"2023-02-03T07:40:14","slug":"elementor-2040","status":"publish","type":"post","link":"https:\/\/tvheppenheim.de\/?p=2040","title":{"rendered":"Basketball-Camp in 2022"},"content":{"rendered":"\t\t<div data-elementor-type=\"wp-post\" data-elementor-id=\"2040\" class=\"elementor elementor-2040\" data-elementor-post-type=\"post\">\n\t\t\t\t\t\t<section class=\"elementor-section elementor-top-section elementor-element elementor-element-cc21bec elementor-section-boxed elementor-section-height-default elementor-section-height-default\" data-id=\"cc21bec\" data-element_type=\"section\" data-e-type=\"section\">\n\t\t\t\t\t\t<div class=\"elementor-container elementor-column-gap-default\">\n\t\t\t\t\t<div class=\"elementor-column elementor-col-100 elementor-top-column elementor-element elementor-element-e3480d5\" data-id=\"e3480d5\" data-element_type=\"column\" data-e-type=\"column\">\n\t\t\t<div class=\"elementor-widget-wrap\">\n\t\t\t\t\t\t\t<\/div>\n\t\t<\/div>\n\t\t\t\t\t<\/div>\n\t\t<\/section>\n\t\t\t\t<section class=\"elementor-section elementor-top-section elementor-element elementor-element-139bf7c elementor-section-boxed elementor-section-height-default elementor-section-height-default\" data-id=\"139bf7c\" data-element_type=\"section\" data-e-type=\"section\">\n\t\t\t\t\t\t<div class=\"elementor-container elementor-column-gap-default\">\n\t\t\t\t\t<div class=\"elementor-column elementor-col-100 elementor-top-column elementor-element elementor-element-748d4ca\" data-id=\"748d4ca\" data-element_type=\"column\" data-e-type=\"column\">\n\t\t\t<div class=\"elementor-widget-wrap elementor-element-populated\">\n\t\t\t\t\t\t<div class=\"elementor-element elementor-element-cbcc1d5 elementor-widget elementor-widget-text-editor\" data-id=\"cbcc1d5\" data-element_type=\"widget\" data-e-type=\"widget\" data-widget_type=\"text-editor.default\">\n\t\t\t\t<div class=\"elementor-widget-container\">\n\t\t\t\t\t\t\t\t\t<p>Dieses Jahr ist es soweit, die Black Dogs richten ihr 1. Basketball-Camp aus.<\/p><p>Die letzten Jahre war pandemiebedingt nicht viel m\u00f6glich. Was wir aber alles festgestellt haben, sind die Defizite und R\u00fcckschritte der Kids in der Bewegungsf\u00e4higkeit, Koordination und der Verlust am Spass an der Bewegung.<\/p><p>Hier wollen wir etwas entgegensetzen und richten unser erstes Basketball-Camp aus.<\/p><p>Gemeinschaft, Spass, Bewegung und auch n\u00e4t\u00fcrlich Basketball stehen im Vordergrund.<\/p><p>Also wenn ihr in der<b>\u00a0Zeit vom 31.08. \u2013 03.09.<\/b>\u00a0noch nichts vor habt, Bock auf Basketball habt und zwischen<\/p><p>8 und 14 Jahre seid meldet euch an.<\/p><p><b>Wir freuen uns auf euch!<\/b><\/p><p><b>\u00a0<\/b><\/p><p><b><span style=\"color: #ff0000;\"><a style=\"color: #ff0000;\" href=\"https:\/\/tvheppenheim.de\/wp-content\/uploads\/2022\/06\/BB_Camp_20220524_final.pdf\" target=\"_blank\" rel=\"noopener\">HIER<\/a><\/span>\u00a0<\/b>k\u00f6nnt ihr die Anmeldung herunter laden.<\/p><p>Bei Fragen gerne bei Armin unter bb.tvhp@gmail.com melden.<\/p>\t\t\t\t\t\t\t\t<\/div>\n\t\t\t\t<\/div>\n\t\t\t\t\t<\/div>\n\t\t<\/div>\n\t\t\t\t\t<\/div>\n\t\t<\/section>\n\t\t\t\t<section class=\"elementor-section elementor-top-section elementor-element elementor-element-6639d36 elementor-section-boxed elementor-section-height-default elementor-section-height-default\" data-id=\"6639d36\" data-element_type=\"section\" data-e-type=\"section\">\n\t\t\t\t\t\t<div class=\"elementor-container elementor-column-gap-default\">\n\t\t\t\t\t<div class=\"elementor-column elementor-col-100 elementor-top-column elementor-element elementor-element-d7ad90d\" data-id=\"d7ad90d\" data-element_type=\"column\" data-e-type=\"column\">\n\t\t\t<div class=\"elementor-widget-wrap elementor-element-populated\">\n\t\t\t\t\t\t<div class=\"elementor-element elementor-element-d99190d elementor-widget elementor-widget-image\" data-id=\"d99190d\" data-element_type=\"widget\" data-e-type=\"widget\" data-widget_type=\"image.default\">\n\t\t\t\t<div class=\"elementor-widget-container\">\n\t\t\t\t\t\t\t\t\t\t\t\t\t\t\t\t<a href=\"https:\/\/tvheppenheim.de\/wp-content\/uploads\/2022\/06\/BB_Camp_20220524_final.pdf\" target=\"_blank\">\n\t\t\t\t\t\t\t<img fetchpriority=\"high\" decoding=\"async\" width=\"1024\" height=\"707\" src=\"https:\/\/tvheppenheim.de\/wp-content\/uploads\/2022\/06\/BB_Camp_Bild3-1024x707.png\" class=\"attachment-large size-large wp-image-2043\" alt=\"\" srcset=\"https:\/\/tvheppenheim.de\/wp-content\/uploads\/2022\/06\/BB_Camp_Bild3-1024x707.png 1024w, https:\/\/tvheppenheim.de\/wp-content\/uploads\/2022\/06\/BB_Camp_Bild3-300x207.png 300w, https:\/\/tvheppenheim.de\/wp-content\/uploads\/2022\/06\/BB_Camp_Bild3-768x531.png 768w, https:\/\/tvheppenheim.de\/wp-content\/uploads\/2022\/06\/BB_Camp_Bild3.png 1200w\" sizes=\"(max-width: 1024px) 100vw, 1024px\" \/>\t\t\t\t\t\t\t\t<\/a>\n\t\t\t\t\t\t\t\t\t\t\t\t\t\t\t<\/div>\n\t\t\t\t<\/div>\n\t\t\t\t\t<\/div>\n\t\t<\/div>\n\t\t\t\t\t<\/div>\n\t\t<\/section>\n\t\t\t\t<\/div>\n\t\t","protected":false},"excerpt":{"rendered":"<p>Dieses Jahr ist es soweit, die Black Dogs richten ihr 1. Basketball-Camp aus. Die letzten Jahre war pandemiebedingt nicht viel m\u00f6glich. Was wir aber alles festgestellt haben, sind die Defizite und R\u00fcckschritte der Kids in der Bewegungsf\u00e4higkeit, Koordination und der Verlust am Spass an der Bewegung. Hier wollen wir etwas entgegensetzen und richten unser erstes [&hellip;]<\/p>\n","protected":false},"author":2,"featured_media":2037,"comment_status":"closed","ping_status":"closed","sticky":false,"template":"","format":"standard","meta":{"ocean_post_layout":"","ocean_both_sidebars_style":"","ocean_both_sidebars_content_width":0,"ocean_both_sidebars_sidebars_width":0,"ocean_sidebar":"0","ocean_second_sidebar":"0","ocean_disable_margins":"enable","ocean_add_body_class":"","ocean_shortcode_before_top_bar":"","ocean_shortcode_after_top_bar":"","ocean_shortcode_before_header":"","ocean_shortcode_after_header":"","ocean_has_shortcode":"","ocean_shortcode_after_title":"","ocean_shortcode_before_footer_widgets":"","ocean_shortcode_after_footer_widgets":"","ocean_shortcode_before_footer_bottom":"","ocean_shortcode_after_footer_bottom":"","ocean_display_top_bar":"default","ocean_display_header":"default","ocean_header_style":"","ocean_center_header_left_menu":"0","ocean_custom_header_template":"0","ocean_custom_logo":0,"ocean_custom_retina_logo":0,"ocean_custom_logo_max_width":0,"ocean_custom_logo_tablet_max_width":0,"ocean_custom_logo_mobile_max_width":0,"ocean_custom_logo_max_height":0,"ocean_custom_logo_tablet_max_height":0,"ocean_custom_logo_mobile_max_height":0,"ocean_header_custom_menu":"0","ocean_menu_typo_font_family":"0","ocean_menu_typo_font_subset":"","ocean_menu_typo_font_size":0,"ocean_menu_typo_font_size_tablet":0,"ocean_menu_typo_font_size_mobile":0,"ocean_menu_typo_font_size_unit":"px","ocean_menu_typo_font_weight":"","ocean_menu_typo_font_weight_tablet":"","ocean_menu_typo_font_weight_mobile":"","ocean_menu_typo_transform":"","ocean_menu_typo_transform_tablet":"","ocean_menu_typo_transform_mobile":"","ocean_menu_typo_line_height":0,"ocean_menu_typo_line_height_tablet":0,"ocean_menu_typo_line_height_mobile":0,"ocean_menu_typo_line_height_unit":"","ocean_menu_typo_spacing":0,"ocean_menu_typo_spacing_tablet":0,"ocean_menu_typo_spacing_mobile":0,"ocean_menu_typo_spacing_unit":"","ocean_menu_link_color":"","ocean_menu_link_color_hover":"","ocean_menu_link_color_active":"","ocean_menu_link_background":"","ocean_menu_link_hover_background":"","ocean_menu_link_active_background":"","ocean_menu_social_links_bg":"","ocean_menu_social_hover_links_bg":"","ocean_menu_social_links_color":"","ocean_menu_social_hover_links_color":"","ocean_disable_title":"default","ocean_disable_heading":"default","ocean_post_title":"","ocean_post_subheading":"","ocean_post_title_style":"","ocean_post_title_background_color":"","ocean_post_title_background":0,"ocean_post_title_bg_image_position":"","ocean_post_title_bg_image_attachment":"","ocean_post_title_bg_image_repeat":"","ocean_post_title_bg_image_size":"","ocean_post_title_height":0,"ocean_post_title_bg_overlay":0.5,"ocean_post_title_bg_overlay_color":"","ocean_disable_breadcrumbs":"default","ocean_breadcrumbs_color":"","ocean_breadcrumbs_separator_color":"","ocean_breadcrumbs_links_color":"","ocean_breadcrumbs_links_hover_color":"","ocean_display_footer_widgets":"default","ocean_display_footer_bottom":"default","ocean_custom_footer_template":"0","ofc_meta_disable_footer_callout":"","ofc_meta_callout_button_url":"","ofc_meta_callout_button_txt":"","ofc_meta_callout_text":"","ofc_enable_fullscreen":"disable","ofc_fullscreen_speed":0,"ofc_fullscreen_nav":"enable","ofc_fullscreen_nav_pos":"right","ofc_fullscreen_nav_color":"","ofc_fullscreen_nav_tooltip_color":"","ofc_fullscreen_responsive":0,"osp_disable_panel":"default","osh_disable_topbar_sticky":"default","osh_disable_header_sticky":"default","osh_sticky_header_style":"default","osh_sticky_header_effect":"","osh_custom_sticky_logo":0,"osh_custom_retina_sticky_logo":0,"osh_custom_sticky_logo_height":0,"osh_background_color":"","osh_links_color":"","osh_links_hover_color":"","osh_links_active_color":"","osh_links_bg_color":"","osh_links_hover_bg_color":"","osh_links_active_bg_color":"","osh_menu_social_links_color":"","osh_menu_social_hover_links_color":"","ocean_post_oembed":"","ocean_post_self_hosted_media":"","ocean_post_video_embed":"","ocean_link_format":"","ocean_link_format_target":"self","ocean_quote_format":"","ocean_quote_format_link":"post","ocean_gallery_link_images":"off","ocean_gallery_id":[],"footnotes":""},"categories":[1],"tags":[],"class_list":["post-2040","post","type-post","status-publish","format-standard","has-post-thumbnail","hentry","category-allgemein","entry","has-media"],"yoast_head":"<!-- This site is optimized with the Yoast SEO plugin v27.3 - https:\/\/yoast.com\/product\/yoast-seo-wordpress\/ -->\n<title>Basketball-Camp in 2022 - TV Heppenheim<\/title>\n<meta name=\"robots\" content=\"index, follow, max-snippet:-1, max-image-preview:large, max-video-preview:-1\" \/>\n<link rel=\"canonical\" href=\"https:\/\/tvheppenheim.de\/?p=2040\" \/>\n<meta property=\"og:locale\" content=\"de_DE\" \/>\n<meta property=\"og:type\" content=\"article\" \/>\n<meta property=\"og:title\" content=\"Basketball-Camp in 2022 - TV Heppenheim\" \/>\n<meta property=\"og:description\" content=\"Dieses Jahr ist es soweit, die Black Dogs richten ihr 1. Basketball-Camp aus. Die letzten Jahre war pandemiebedingt nicht viel m\u00f6glich. Was wir aber alles festgestellt haben, sind die Defizite und R\u00fcckschritte der Kids in der Bewegungsf\u00e4higkeit, Koordination und der Verlust am Spass an der Bewegung. Hier wollen wir etwas entgegensetzen und richten unser erstes [&hellip;]\" \/>\n<meta property=\"og:url\" content=\"https:\/\/tvheppenheim.de\/?p=2040\" \/>\n<meta property=\"og:site_name\" content=\"TV Heppenheim\" \/>\n<meta property=\"article:published_time\" content=\"2022-06-16T11:17:18+00:00\" \/>\n<meta property=\"article:modified_time\" content=\"2023-02-03T07:40:14+00:00\" \/>\n<meta property=\"og:image\" content=\"https:\/\/tvheppenheim.de\/wp-content\/uploads\/2022\/06\/BB_Camp_Bild2.png\" \/>\n\t<meta property=\"og:image:width\" content=\"1030\" \/>\n\t<meta property=\"og:image:height\" content=\"636\" \/>\n\t<meta property=\"og:image:type\" content=\"image\/png\" \/>\n<meta name=\"author\" content=\"Armin\" \/>\n<meta name=\"twitter:card\" content=\"summary_large_image\" \/>\n<meta name=\"twitter:label1\" content=\"Verfasst von\" \/>\n\t<meta name=\"twitter:data1\" content=\"Armin\" \/>\n\t<meta name=\"twitter:label2\" content=\"Gesch\u00e4tzte Lesezeit\" \/>\n\t<meta name=\"twitter:data2\" content=\"1\u00a0Minute\" \/>\n<script type=\"application\/ld+json\" class=\"yoast-schema-graph\">{\"@context\":\"https:\\\/\\\/schema.org\",\"@graph\":[{\"@type\":\"Article\",\"@id\":\"https:\\\/\\\/tvheppenheim.de\\\/?p=2040#article\",\"isPartOf\":{\"@id\":\"https:\\\/\\\/tvheppenheim.de\\\/?p=2040\"},\"author\":{\"name\":\"Armin\",\"@id\":\"https:\\\/\\\/tvheppenheim.de\\\/#\\\/schema\\\/person\\\/9a0debd2d9e58b884ab39dfa45f7b911\"},\"headline\":\"Basketball-Camp in 2022\",\"datePublished\":\"2022-06-16T11:17:18+00:00\",\"dateModified\":\"2023-02-03T07:40:14+00:00\",\"mainEntityOfPage\":{\"@id\":\"https:\\\/\\\/tvheppenheim.de\\\/?p=2040\"},\"wordCount\":124,\"publisher\":{\"@id\":\"https:\\\/\\\/tvheppenheim.de\\\/#organization\"},\"image\":{\"@id\":\"https:\\\/\\\/tvheppenheim.de\\\/?p=2040#primaryimage\"},\"thumbnailUrl\":\"https:\\\/\\\/tvheppenheim.de\\\/wp-content\\\/uploads\\\/2022\\\/06\\\/BB_Camp_Bild2.png\",\"inLanguage\":\"de\"},{\"@type\":\"WebPage\",\"@id\":\"https:\\\/\\\/tvheppenheim.de\\\/?p=2040\",\"url\":\"https:\\\/\\\/tvheppenheim.de\\\/?p=2040\",\"name\":\"Basketball-Camp in 2022 - TV Heppenheim\",\"isPartOf\":{\"@id\":\"https:\\\/\\\/tvheppenheim.de\\\/#website\"},\"primaryImageOfPage\":{\"@id\":\"https:\\\/\\\/tvheppenheim.de\\\/?p=2040#primaryimage\"},\"image\":{\"@id\":\"https:\\\/\\\/tvheppenheim.de\\\/?p=2040#primaryimage\"},\"thumbnailUrl\":\"https:\\\/\\\/tvheppenheim.de\\\/wp-content\\\/uploads\\\/2022\\\/06\\\/BB_Camp_Bild2.png\",\"datePublished\":\"2022-06-16T11:17:18+00:00\",\"dateModified\":\"2023-02-03T07:40:14+00:00\",\"breadcrumb\":{\"@id\":\"https:\\\/\\\/tvheppenheim.de\\\/?p=2040#breadcrumb\"},\"inLanguage\":\"de\",\"potentialAction\":[{\"@type\":\"ReadAction\",\"target\":[\"https:\\\/\\\/tvheppenheim.de\\\/?p=2040\"]}]},{\"@type\":\"ImageObject\",\"inLanguage\":\"de\",\"@id\":\"https:\\\/\\\/tvheppenheim.de\\\/?p=2040#primaryimage\",\"url\":\"https:\\\/\\\/tvheppenheim.de\\\/wp-content\\\/uploads\\\/2022\\\/06\\\/BB_Camp_Bild2.png\",\"contentUrl\":\"https:\\\/\\\/tvheppenheim.de\\\/wp-content\\\/uploads\\\/2022\\\/06\\\/BB_Camp_Bild2.png\",\"width\":1030,\"height\":636},{\"@type\":\"BreadcrumbList\",\"@id\":\"https:\\\/\\\/tvheppenheim.de\\\/?p=2040#breadcrumb\",\"itemListElement\":[{\"@type\":\"ListItem\",\"position\":1,\"name\":\"Startseite\",\"item\":\"https:\\\/\\\/tvheppenheim.de\\\/\"},{\"@type\":\"ListItem\",\"position\":2,\"name\":\"Basketball-Camp in 2022\"}]},{\"@type\":\"WebSite\",\"@id\":\"https:\\\/\\\/tvheppenheim.de\\\/#website\",\"url\":\"https:\\\/\\\/tvheppenheim.de\\\/\",\"name\":\"TV Heppenheim\",\"description\":\"\",\"publisher\":{\"@id\":\"https:\\\/\\\/tvheppenheim.de\\\/#organization\"},\"potentialAction\":[{\"@type\":\"SearchAction\",\"target\":{\"@type\":\"EntryPoint\",\"urlTemplate\":\"https:\\\/\\\/tvheppenheim.de\\\/?s={search_term_string}\"},\"query-input\":{\"@type\":\"PropertyValueSpecification\",\"valueRequired\":true,\"valueName\":\"search_term_string\"}}],\"inLanguage\":\"de\"},{\"@type\":\"Organization\",\"@id\":\"https:\\\/\\\/tvheppenheim.de\\\/#organization\",\"name\":\"TV Heppenheim\",\"url\":\"https:\\\/\\\/tvheppenheim.de\\\/\",\"logo\":{\"@type\":\"ImageObject\",\"inLanguage\":\"de\",\"@id\":\"https:\\\/\\\/tvheppenheim.de\\\/#\\\/schema\\\/logo\\\/image\\\/\",\"url\":\"https:\\\/\\\/tvheppenheim.de\\\/wp-content\\\/uploads\\\/2021\\\/05\\\/TVH_Header_hell_mit_Starkenburg_gesamt_dunkler_Kopf.png\",\"contentUrl\":\"https:\\\/\\\/tvheppenheim.de\\\/wp-content\\\/uploads\\\/2021\\\/05\\\/TVH_Header_hell_mit_Starkenburg_gesamt_dunkler_Kopf.png\",\"width\":1200,\"height\":124,\"caption\":\"TV Heppenheim\"},\"image\":{\"@id\":\"https:\\\/\\\/tvheppenheim.de\\\/#\\\/schema\\\/logo\\\/image\\\/\"}},{\"@type\":\"Person\",\"@id\":\"https:\\\/\\\/tvheppenheim.de\\\/#\\\/schema\\\/person\\\/9a0debd2d9e58b884ab39dfa45f7b911\",\"name\":\"Armin\",\"image\":{\"@type\":\"ImageObject\",\"inLanguage\":\"de\",\"@id\":\"https:\\\/\\\/secure.gravatar.com\\\/avatar\\\/27f36dc256a28955fbe6ec8d72f6f92b0ef4b6b0d9e2280f6adb8dd7a96e1ffe?s=96&d=mm&r=g\",\"url\":\"https:\\\/\\\/secure.gravatar.com\\\/avatar\\\/27f36dc256a28955fbe6ec8d72f6f92b0ef4b6b0d9e2280f6adb8dd7a96e1ffe?s=96&d=mm&r=g\",\"contentUrl\":\"https:\\\/\\\/secure.gravatar.com\\\/avatar\\\/27f36dc256a28955fbe6ec8d72f6f92b0ef4b6b0d9e2280f6adb8dd7a96e1ffe?s=96&d=mm&r=g\",\"caption\":\"Armin\"},\"url\":\"https:\\\/\\\/tvheppenheim.de\\\/?author=2\"}]}<\/script>\n<!-- \/ Yoast SEO plugin. -->","yoast_head_json":{"title":"Basketball-Camp in 2022 - TV Heppenheim","robots":{"index":"index","follow":"follow","max-snippet":"max-snippet:-1","max-image-preview":"max-image-preview:large","max-video-preview":"max-video-preview:-1"},"canonical":"https:\/\/tvheppenheim.de\/?p=2040","og_locale":"de_DE","og_type":"article","og_title":"Basketball-Camp in 2022 - TV Heppenheim","og_description":"Dieses Jahr ist es soweit, die Black Dogs richten ihr 1. Basketball-Camp aus. Die letzten Jahre war pandemiebedingt nicht viel m\u00f6glich. Was wir aber alles festgestellt haben, sind die Defizite und R\u00fcckschritte der Kids in der Bewegungsf\u00e4higkeit, Koordination und der Verlust am Spass an der Bewegung. Hier wollen wir etwas entgegensetzen und richten unser erstes [&hellip;]","og_url":"https:\/\/tvheppenheim.de\/?p=2040","og_site_name":"TV Heppenheim","article_published_time":"2022-06-16T11:17:18+00:00","article_modified_time":"2023-02-03T07:40:14+00:00","og_image":[{"width":1030,"height":636,"url":"https:\/\/tvheppenheim.de\/wp-content\/uploads\/2022\/06\/BB_Camp_Bild2.png","type":"image\/png"}],"author":"Armin","twitter_card":"summary_large_image","twitter_misc":{"Verfasst von":"Armin","Gesch\u00e4tzte Lesezeit":"1\u00a0Minute"},"schema":{"@context":"https:\/\/schema.org","@graph":[{"@type":"Article","@id":"https:\/\/tvheppenheim.de\/?p=2040#article","isPartOf":{"@id":"https:\/\/tvheppenheim.de\/?p=2040"},"author":{"name":"Armin","@id":"https:\/\/tvheppenheim.de\/#\/schema\/person\/9a0debd2d9e58b884ab39dfa45f7b911"},"headline":"Basketball-Camp in 2022","datePublished":"2022-06-16T11:17:18+00:00","dateModified":"2023-02-03T07:40:14+00:00","mainEntityOfPage":{"@id":"https:\/\/tvheppenheim.de\/?p=2040"},"wordCount":124,"publisher":{"@id":"https:\/\/tvheppenheim.de\/#organization"},"image":{"@id":"https:\/\/tvheppenheim.de\/?p=2040#primaryimage"},"thumbnailUrl":"https:\/\/tvheppenheim.de\/wp-content\/uploads\/2022\/06\/BB_Camp_Bild2.png","inLanguage":"de"},{"@type":"WebPage","@id":"https:\/\/tvheppenheim.de\/?p=2040","url":"https:\/\/tvheppenheim.de\/?p=2040","name":"Basketball-Camp in 2022 - TV Heppenheim","isPartOf":{"@id":"https:\/\/tvheppenheim.de\/#website"},"primaryImageOfPage":{"@id":"https:\/\/tvheppenheim.de\/?p=2040#primaryimage"},"image":{"@id":"https:\/\/tvheppenheim.de\/?p=2040#primaryimage"},"thumbnailUrl":"https:\/\/tvheppenheim.de\/wp-content\/uploads\/2022\/06\/BB_Camp_Bild2.png","datePublished":"2022-06-16T11:17:18+00:00","dateModified":"2023-02-03T07:40:14+00:00","breadcrumb":{"@id":"https:\/\/tvheppenheim.de\/?p=2040#breadcrumb"},"inLanguage":"de","potentialAction":[{"@type":"ReadAction","target":["https:\/\/tvheppenheim.de\/?p=2040"]}]},{"@type":"ImageObject","inLanguage":"de","@id":"https:\/\/tvheppenheim.de\/?p=2040#primaryimage","url":"https:\/\/tvheppenheim.de\/wp-content\/uploads\/2022\/06\/BB_Camp_Bild2.png","contentUrl":"https:\/\/tvheppenheim.de\/wp-content\/uploads\/2022\/06\/BB_Camp_Bild2.png","width":1030,"height":636},{"@type":"BreadcrumbList","@id":"https:\/\/tvheppenheim.de\/?p=2040#breadcrumb","itemListElement":[{"@type":"ListItem","position":1,"name":"Startseite","item":"https:\/\/tvheppenheim.de\/"},{"@type":"ListItem","position":2,"name":"Basketball-Camp in 2022"}]},{"@type":"WebSite","@id":"https:\/\/tvheppenheim.de\/#website","url":"https:\/\/tvheppenheim.de\/","name":"TV Heppenheim","description":"","publisher":{"@id":"https:\/\/tvheppenheim.de\/#organization"},"potentialAction":[{"@type":"SearchAction","target":{"@type":"EntryPoint","urlTemplate":"https:\/\/tvheppenheim.de\/?s={search_term_string}"},"query-input":{"@type":"PropertyValueSpecification","valueRequired":true,"valueName":"search_term_string"}}],"inLanguage":"de"},{"@type":"Organization","@id":"https:\/\/tvheppenheim.de\/#organization","name":"TV Heppenheim","url":"https:\/\/tvheppenheim.de\/","logo":{"@type":"ImageObject","inLanguage":"de","@id":"https:\/\/tvheppenheim.de\/#\/schema\/logo\/image\/","url":"https:\/\/tvheppenheim.de\/wp-content\/uploads\/2021\/05\/TVH_Header_hell_mit_Starkenburg_gesamt_dunkler_Kopf.png","contentUrl":"https:\/\/tvheppenheim.de\/wp-content\/uploads\/2021\/05\/TVH_Header_hell_mit_Starkenburg_gesamt_dunkler_Kopf.png","width":1200,"height":124,"caption":"TV Heppenheim"},"image":{"@id":"https:\/\/tvheppenheim.de\/#\/schema\/logo\/image\/"}},{"@type":"Person","@id":"https:\/\/tvheppenheim.de\/#\/schema\/person\/9a0debd2d9e58b884ab39dfa45f7b911","name":"Armin","image":{"@type":"ImageObject","inLanguage":"de","@id":"https:\/\/secure.gravatar.com\/avatar\/27f36dc256a28955fbe6ec8d72f6f92b0ef4b6b0d9e2280f6adb8dd7a96e1ffe?s=96&d=mm&r=g","url":"https:\/\/secure.gravatar.com\/avatar\/27f36dc256a28955fbe6ec8d72f6f92b0ef4b6b0d9e2280f6adb8dd7a96e1ffe?s=96&d=mm&r=g","contentUrl":"https:\/\/secure.gravatar.com\/avatar\/27f36dc256a28955fbe6ec8d72f6f92b0ef4b6b0d9e2280f6adb8dd7a96e1ffe?s=96&d=mm&r=g","caption":"Armin"},"url":"https:\/\/tvheppenheim.de\/?author=2"}]}},"_links":{"self":[{"href":"https:\/\/tvheppenheim.de\/index.php?rest_route=\/wp\/v2\/posts\/2040","targetHints":{"allow":["GET"]}}],"collection":[{"href":"https:\/\/tvheppenheim.de\/index.php?rest_route=\/wp\/v2\/posts"}],"about":[{"href":"https:\/\/tvheppenheim.de\/index.php?rest_route=\/wp\/v2\/types\/post"}],"author":[{"embeddable":true,"href":"https:\/\/tvheppenheim.de\/index.php?rest_route=\/wp\/v2\/users\/2"}],"replies":[{"embeddable":true,"href":"https:\/\/tvheppenheim.de\/index.php?rest_route=%2Fwp%2Fv2%2Fcomments&post=2040"}],"version-history":[{"count":6,"href":"https:\/\/tvheppenheim.de\/index.php?rest_route=\/wp\/v2\/posts\/2040\/revisions"}],"predecessor-version":[{"id":2047,"href":"https:\/\/tvheppenheim.de\/index.php?rest_route=\/wp\/v2\/posts\/2040\/revisions\/2047"}],"wp:featuredmedia":[{"embeddable":true,"href":"https:\/\/tvheppenheim.de\/index.php?rest_route=\/wp\/v2\/media\/2037"}],"wp:attachment":[{"href":"https:\/\/tvheppenheim.de\/index.php?rest_route=%2Fwp%2Fv2%2Fmedia&parent=2040"}],"wp:term":[{"taxonomy":"category","embeddable":true,"href":"https:\/\/tvheppenheim.de\/index.php?rest_route=%2Fwp%2Fv2%2Fcategories&post=2040"},{"taxonomy":"post_tag","embeddable":true,"href":"https:\/\/tvheppenheim.de\/index.php?rest_route=%2Fwp%2Fv2%2Ftags&post=2040"}],"curies":[{"name":"wp","href":"https:\/\/api.w.org\/{rel}","templated":true}]}}