{"id":2364,"date":"2023-09-06T15:07:48","date_gmt":"2023-09-06T13:07:48","guid":{"rendered":"https:\/\/tvheppenheim.de\/?p=2364"},"modified":"2023-09-06T15:21:05","modified_gmt":"2023-09-06T13:21:05","slug":"sommerfest-2023-der-wettergott-spielte-mit","status":"publish","type":"post","link":"https:\/\/tvheppenheim.de\/?p=2364","title":{"rendered":"Sommerfest 2023 &#8211; Der Wettergott spielte mit"},"content":{"rendered":"\t\t<div data-elementor-type=\"wp-post\" data-elementor-id=\"2364\" class=\"elementor elementor-2364\" data-elementor-post-type=\"post\">\n\t\t\t\t\t\t<section class=\"elementor-section elementor-top-section elementor-element elementor-element-b49c1f8 elementor-section-boxed elementor-section-height-default elementor-section-height-default\" data-id=\"b49c1f8\" data-element_type=\"section\" data-e-type=\"section\">\n\t\t\t\t\t\t<div class=\"elementor-container elementor-column-gap-default\">\n\t\t\t\t\t<div class=\"elementor-column elementor-col-100 elementor-top-column elementor-element elementor-element-d896d8f\" data-id=\"d896d8f\" data-element_type=\"column\" data-e-type=\"column\">\n\t\t\t<div class=\"elementor-widget-wrap elementor-element-populated\">\n\t\t\t\t\t\t<section class=\"elementor-section elementor-inner-section elementor-element elementor-element-7be1242 elementor-section-boxed elementor-section-height-default elementor-section-height-default\" data-id=\"7be1242\" data-element_type=\"section\" data-e-type=\"section\">\n\t\t\t\t\t\t<div class=\"elementor-container elementor-column-gap-default\">\n\t\t\t\t\t<div class=\"elementor-column elementor-col-50 elementor-inner-column elementor-element elementor-element-892c4e8\" data-id=\"892c4e8\" data-element_type=\"column\" data-e-type=\"column\">\n\t\t\t<div class=\"elementor-widget-wrap elementor-element-populated\">\n\t\t\t\t\t\t<div class=\"elementor-element elementor-element-c752614 elementor-widget elementor-widget-text-editor\" data-id=\"c752614\" data-element_type=\"widget\" data-e-type=\"widget\" data-widget_type=\"text-editor.default\">\n\t\t\t\t<div class=\"elementor-widget-container\">\n\t\t\t\t\t\t\t\t\t<p>Am Tag zuvor ging wettertechnisch die Welt unter. Dauerregen mit Starkregen machte dem parallel stattfindenden Basketball-Camp das Leben etwas schwer.<\/p><p>Am Sa. 02.09.23 allerdings war f\u00fcr das TVH-Sommerfest traumhaftes Wetter da.\u00a0<\/p>\t\t\t\t\t\t\t\t<\/div>\n\t\t\t\t<\/div>\n\t\t\t\t\t<\/div>\n\t\t<\/div>\n\t\t\t\t<div class=\"elementor-column elementor-col-50 elementor-inner-column elementor-element elementor-element-b8468fa\" data-id=\"b8468fa\" data-element_type=\"column\" data-e-type=\"column\">\n\t\t\t<div class=\"elementor-widget-wrap elementor-element-populated\">\n\t\t\t\t\t\t<div class=\"elementor-element elementor-element-9f6954c elementor-widget__width-initial elementor-widget elementor-widget-image\" data-id=\"9f6954c\" data-element_type=\"widget\" data-e-type=\"widget\" data-widget_type=\"image.default\">\n\t\t\t\t<div class=\"elementor-widget-container\">\n\t\t\t\t\t\t\t\t\t\t\t\t\t\t\t<img fetchpriority=\"high\" decoding=\"async\" width=\"1024\" height=\"683\" src=\"https:\/\/tvheppenheim.de\/wp-content\/uploads\/2023\/09\/P1080220-1024x683.jpg\" class=\"attachment-large size-large wp-image-2363\" alt=\"\" srcset=\"https:\/\/tvheppenheim.de\/wp-content\/uploads\/2023\/09\/P1080220-1024x683.jpg 1024w, https:\/\/tvheppenheim.de\/wp-content\/uploads\/2023\/09\/P1080220-300x200.jpg 300w, https:\/\/tvheppenheim.de\/wp-content\/uploads\/2023\/09\/P1080220-768x512.jpg 768w, https:\/\/tvheppenheim.de\/wp-content\/uploads\/2023\/09\/P1080220.jpg 1200w\" sizes=\"(max-width: 1024px) 100vw, 1024px\" \/>\t\t\t\t\t\t\t\t\t\t\t\t\t\t\t<\/div>\n\t\t\t\t<\/div>\n\t\t\t\t\t<\/div>\n\t\t<\/div>\n\t\t\t\t\t<\/div>\n\t\t<\/section>\n\t\t\t\t\t<\/div>\n\t\t<\/div>\n\t\t\t\t\t<\/div>\n\t\t<\/section>\n\t\t\t\t<section class=\"elementor-section elementor-top-section elementor-element elementor-element-8718929 elementor-section-boxed elementor-section-height-default elementor-section-height-default\" data-id=\"8718929\" data-element_type=\"section\" data-e-type=\"section\">\n\t\t\t\t\t\t<div class=\"elementor-container elementor-column-gap-default\">\n\t\t\t\t\t<div class=\"elementor-column elementor-col-100 elementor-top-column elementor-element elementor-element-1eaf9cc\" data-id=\"1eaf9cc\" data-element_type=\"column\" data-e-type=\"column\">\n\t\t\t<div class=\"elementor-widget-wrap elementor-element-populated\">\n\t\t\t\t\t\t<section class=\"elementor-section elementor-inner-section elementor-element elementor-element-7f67a35 elementor-section-boxed elementor-section-height-default elementor-section-height-default\" data-id=\"7f67a35\" data-element_type=\"section\" data-e-type=\"section\">\n\t\t\t\t\t\t<div class=\"elementor-container elementor-column-gap-default\">\n\t\t\t\t\t<div class=\"elementor-column elementor-col-50 elementor-inner-column elementor-element elementor-element-301fc30\" data-id=\"301fc30\" data-element_type=\"column\" data-e-type=\"column\">\n\t\t\t<div class=\"elementor-widget-wrap elementor-element-populated\">\n\t\t\t\t\t\t<div class=\"elementor-element elementor-element-38bece8 elementor-widget__width-initial elementor-widget elementor-widget-image\" data-id=\"38bece8\" data-element_type=\"widget\" data-e-type=\"widget\" data-widget_type=\"image.default\">\n\t\t\t\t<div class=\"elementor-widget-container\">\n\t\t\t\t\t\t\t\t\t\t\t\t\t\t\t<img decoding=\"async\" width=\"1024\" height=\"683\" src=\"https:\/\/tvheppenheim.de\/wp-content\/uploads\/2023\/09\/P1080224-1024x683.jpg\" class=\"attachment-large size-large wp-image-2362\" alt=\"\" srcset=\"https:\/\/tvheppenheim.de\/wp-content\/uploads\/2023\/09\/P1080224-1024x683.jpg 1024w, https:\/\/tvheppenheim.de\/wp-content\/uploads\/2023\/09\/P1080224-300x200.jpg 300w, https:\/\/tvheppenheim.de\/wp-content\/uploads\/2023\/09\/P1080224-768x512.jpg 768w, https:\/\/tvheppenheim.de\/wp-content\/uploads\/2023\/09\/P1080224.jpg 1200w\" sizes=\"(max-width: 1024px) 100vw, 1024px\" \/>\t\t\t\t\t\t\t\t\t\t\t\t\t\t\t<\/div>\n\t\t\t\t<\/div>\n\t\t\t\t\t<\/div>\n\t\t<\/div>\n\t\t\t\t<div class=\"elementor-column elementor-col-50 elementor-inner-column elementor-element elementor-element-4c9771b\" data-id=\"4c9771b\" data-element_type=\"column\" data-e-type=\"column\">\n\t\t\t<div class=\"elementor-widget-wrap elementor-element-populated\">\n\t\t\t\t\t\t<div class=\"elementor-element elementor-element-886dbd5 elementor-widget elementor-widget-text-editor\" data-id=\"886dbd5\" data-element_type=\"widget\" data-e-type=\"widget\" data-widget_type=\"text-editor.default\">\n\t\t\t\t<div class=\"elementor-widget-container\">\n\t\t\t\t\t\t\t\t\t<p>Es wurden, wie schon die letzten Jahre, Kaffee und Kuchen angeboten und Steaks und W\u00fcrstchen gegrillt.<br \/>Auch f\u00fcr Getr\u00e4nke war gesorgt.<\/p><p>Sch\u00f6n war das dieses Jahr ein wenig mehr TVHler mit ihren Familien kamen. Ca. 40-50 Personen haben das Fest genossen.\u00a0<\/p>\t\t\t\t\t\t\t\t<\/div>\n\t\t\t\t<\/div>\n\t\t\t\t\t<\/div>\n\t\t<\/div>\n\t\t\t\t\t<\/div>\n\t\t<\/section>\n\t\t\t\t\t<\/div>\n\t\t<\/div>\n\t\t\t\t\t<\/div>\n\t\t<\/section>\n\t\t\t\t<section class=\"elementor-section elementor-top-section elementor-element elementor-element-636d445 elementor-section-boxed elementor-section-height-default elementor-section-height-default\" data-id=\"636d445\" data-element_type=\"section\" data-e-type=\"section\">\n\t\t\t\t\t\t<div class=\"elementor-container elementor-column-gap-default\">\n\t\t\t\t\t<div class=\"elementor-column elementor-col-100 elementor-top-column elementor-element elementor-element-9684544\" data-id=\"9684544\" data-element_type=\"column\" data-e-type=\"column\">\n\t\t\t<div class=\"elementor-widget-wrap elementor-element-populated\">\n\t\t\t\t\t\t<section class=\"elementor-section elementor-inner-section elementor-element elementor-element-607af1b elementor-section-boxed elementor-section-height-default elementor-section-height-default\" data-id=\"607af1b\" data-element_type=\"section\" data-e-type=\"section\">\n\t\t\t\t\t\t<div class=\"elementor-container elementor-column-gap-default\">\n\t\t\t\t\t<div class=\"elementor-column elementor-col-50 elementor-inner-column elementor-element elementor-element-80bc579\" data-id=\"80bc579\" data-element_type=\"column\" data-e-type=\"column\">\n\t\t\t<div class=\"elementor-widget-wrap elementor-element-populated\">\n\t\t\t\t\t\t<div class=\"elementor-element elementor-element-b46e0ff elementor-widget elementor-widget-text-editor\" data-id=\"b46e0ff\" data-element_type=\"widget\" data-e-type=\"widget\" data-widget_type=\"text-editor.default\">\n\t\t\t\t<div class=\"elementor-widget-container\">\n\t\t\t\t\t\t\t\t\t<p>Auch sind wieder ein Teil\u00a0 der Familien vom Basketball-Camp r\u00fcber zum TVH-Fest im Stadion umgezogen, um den Abend ausklingen zu lassen.<\/p><p>F\u00fcr die Organisatoren, dem TVH-Vorstand, war es ein sch\u00f6nes Fest.\u00a0<\/p><p>In 2024 wird es hoffentlich wieder ausgerichtet, mit noch mehr Beteiligung der Vereinsmitglieder.<br \/><br \/><\/p>\t\t\t\t\t\t\t\t<\/div>\n\t\t\t\t<\/div>\n\t\t\t\t\t<\/div>\n\t\t<\/div>\n\t\t\t\t<div class=\"elementor-column elementor-col-50 elementor-inner-column elementor-element elementor-element-0bc6713\" data-id=\"0bc6713\" data-element_type=\"column\" data-e-type=\"column\">\n\t\t\t<div class=\"elementor-widget-wrap elementor-element-populated\">\n\t\t\t\t\t\t<div class=\"elementor-element elementor-element-65b8085 elementor-widget__width-initial elementor-widget elementor-widget-image\" data-id=\"65b8085\" data-element_type=\"widget\" data-e-type=\"widget\" data-widget_type=\"image.default\">\n\t\t\t\t<div class=\"elementor-widget-container\">\n\t\t\t\t\t\t\t\t\t\t\t\t\t\t\t<img decoding=\"async\" width=\"1024\" height=\"683\" src=\"https:\/\/tvheppenheim.de\/wp-content\/uploads\/2023\/09\/P1080225-1024x683.jpg\" class=\"attachment-large size-large wp-image-2361\" alt=\"\" srcset=\"https:\/\/tvheppenheim.de\/wp-content\/uploads\/2023\/09\/P1080225-1024x683.jpg 1024w, https:\/\/tvheppenheim.de\/wp-content\/uploads\/2023\/09\/P1080225-300x200.jpg 300w, https:\/\/tvheppenheim.de\/wp-content\/uploads\/2023\/09\/P1080225-768x512.jpg 768w, https:\/\/tvheppenheim.de\/wp-content\/uploads\/2023\/09\/P1080225.jpg 1200w\" sizes=\"(max-width: 1024px) 100vw, 1024px\" \/>\t\t\t\t\t\t\t\t\t\t\t\t\t\t\t<\/div>\n\t\t\t\t<\/div>\n\t\t\t\t\t<\/div>\n\t\t<\/div>\n\t\t\t\t\t<\/div>\n\t\t<\/section>\n\t\t\t\t\t<\/div>\n\t\t<\/div>\n\t\t\t\t\t<\/div>\n\t\t<\/section>\n\t\t\t\t<section class=\"elementor-section elementor-top-section elementor-element elementor-element-241776b elementor-section-boxed elementor-section-height-default elementor-section-height-default\" data-id=\"241776b\" data-element_type=\"section\" data-e-type=\"section\">\n\t\t\t\t\t\t<div class=\"elementor-container elementor-column-gap-default\">\n\t\t\t\t\t<div class=\"elementor-column elementor-col-100 elementor-top-column elementor-element elementor-element-fda5cb7\" data-id=\"fda5cb7\" data-element_type=\"column\" data-e-type=\"column\">\n\t\t\t<div class=\"elementor-widget-wrap elementor-element-populated\">\n\t\t\t\t\t\t<section class=\"elementor-section elementor-inner-section elementor-element elementor-element-0284331 elementor-section-boxed elementor-section-height-default elementor-section-height-default\" data-id=\"0284331\" data-element_type=\"section\" data-e-type=\"section\">\n\t\t\t\t\t\t<div class=\"elementor-container elementor-column-gap-default\">\n\t\t\t\t\t<div class=\"elementor-column elementor-col-50 elementor-inner-column elementor-element elementor-element-3026e68\" data-id=\"3026e68\" data-element_type=\"column\" data-e-type=\"column\">\n\t\t\t<div class=\"elementor-widget-wrap elementor-element-populated\">\n\t\t\t\t\t\t<div class=\"elementor-element elementor-element-40cb82d elementor-widget__width-initial elementor-widget elementor-widget-image\" data-id=\"40cb82d\" data-element_type=\"widget\" data-e-type=\"widget\" data-widget_type=\"image.default\">\n\t\t\t\t<div class=\"elementor-widget-container\">\n\t\t\t\t\t\t\t\t\t\t\t\t\t\t\t<img loading=\"lazy\" decoding=\"async\" width=\"1024\" height=\"683\" src=\"https:\/\/tvheppenheim.de\/wp-content\/uploads\/2023\/09\/P1080226-1024x683.jpg\" class=\"attachment-large size-large wp-image-2360\" alt=\"\" srcset=\"https:\/\/tvheppenheim.de\/wp-content\/uploads\/2023\/09\/P1080226-1024x683.jpg 1024w, https:\/\/tvheppenheim.de\/wp-content\/uploads\/2023\/09\/P1080226-300x200.jpg 300w, https:\/\/tvheppenheim.de\/wp-content\/uploads\/2023\/09\/P1080226-768x512.jpg 768w, https:\/\/tvheppenheim.de\/wp-content\/uploads\/2023\/09\/P1080226.jpg 1200w\" sizes=\"(max-width: 1024px) 100vw, 1024px\" \/>\t\t\t\t\t\t\t\t\t\t\t\t\t\t\t<\/div>\n\t\t\t\t<\/div>\n\t\t\t\t\t<\/div>\n\t\t<\/div>\n\t\t\t\t<div class=\"elementor-column elementor-col-50 elementor-inner-column elementor-element elementor-element-9a5648c\" data-id=\"9a5648c\" data-element_type=\"column\" data-e-type=\"column\">\n\t\t\t<div class=\"elementor-widget-wrap elementor-element-populated\">\n\t\t\t\t\t\t<div class=\"elementor-element elementor-element-701ac04 elementor-widget__width-initial elementor-widget elementor-widget-image\" data-id=\"701ac04\" data-element_type=\"widget\" data-e-type=\"widget\" data-widget_type=\"image.default\">\n\t\t\t\t<div class=\"elementor-widget-container\">\n\t\t\t\t\t\t\t\t\t\t\t\t\t\t\t<img loading=\"lazy\" decoding=\"async\" width=\"1024\" height=\"683\" src=\"https:\/\/tvheppenheim.de\/wp-content\/uploads\/2023\/09\/P1080227-1024x683.jpg\" class=\"attachment-large size-large wp-image-2359\" alt=\"\" srcset=\"https:\/\/tvheppenheim.de\/wp-content\/uploads\/2023\/09\/P1080227-1024x683.jpg 1024w, https:\/\/tvheppenheim.de\/wp-content\/uploads\/2023\/09\/P1080227-300x200.jpg 300w, https:\/\/tvheppenheim.de\/wp-content\/uploads\/2023\/09\/P1080227-768x512.jpg 768w, https:\/\/tvheppenheim.de\/wp-content\/uploads\/2023\/09\/P1080227.jpg 1200w\" sizes=\"(max-width: 1024px) 100vw, 1024px\" \/>\t\t\t\t\t\t\t\t\t\t\t\t\t\t\t<\/div>\n\t\t\t\t<\/div>\n\t\t\t\t\t<\/div>\n\t\t<\/div>\n\t\t\t\t\t<\/div>\n\t\t<\/section>\n\t\t\t\t\t<\/div>\n\t\t<\/div>\n\t\t\t\t\t<\/div>\n\t\t<\/section>\n\t\t\t\t<section class=\"elementor-section elementor-top-section elementor-element elementor-element-a878aa4 elementor-section-boxed elementor-section-height-default elementor-section-height-default\" data-id=\"a878aa4\" data-element_type=\"section\" data-e-type=\"section\">\n\t\t\t\t\t\t<div class=\"elementor-container elementor-column-gap-default\">\n\t\t\t\t\t<div class=\"elementor-column elementor-col-100 elementor-top-column elementor-element elementor-element-60e13e2\" data-id=\"60e13e2\" data-element_type=\"column\" data-e-type=\"column\">\n\t\t\t<div class=\"elementor-widget-wrap elementor-element-populated\">\n\t\t\t\t\t\t<div class=\"elementor-element elementor-element-652d7af elementor-widget elementor-widget-image\" data-id=\"652d7af\" data-element_type=\"widget\" data-e-type=\"widget\" data-widget_type=\"image.default\">\n\t\t\t\t<div class=\"elementor-widget-container\">\n\t\t\t\t\t\t\t\t\t\t\t\t\t\t\t<img loading=\"lazy\" decoding=\"async\" width=\"477\" height=\"630\" src=\"https:\/\/tvheppenheim.de\/wp-content\/uploads\/2023\/07\/Einladung_Sommerfest_2023.png\" class=\"attachment-large size-large wp-image-2350\" alt=\"\" srcset=\"https:\/\/tvheppenheim.de\/wp-content\/uploads\/2023\/07\/Einladung_Sommerfest_2023.png 477w, https:\/\/tvheppenheim.de\/wp-content\/uploads\/2023\/07\/Einladung_Sommerfest_2023-227x300.png 227w\" sizes=\"(max-width: 477px) 100vw, 477px\" \/>\t\t\t\t\t\t\t\t\t\t\t\t\t\t\t<\/div>\n\t\t\t\t<\/div>\n\t\t\t\t\t<\/div>\n\t\t<\/div>\n\t\t\t\t\t<\/div>\n\t\t<\/section>\n\t\t\t\t<\/div>\n\t\t","protected":false},"excerpt":{"rendered":"<p>Am Tag zuvor ging wettertechnisch die Welt unter. Dauerregen mit Starkregen machte dem parallel stattfindenden Basketball-Camp das Leben etwas schwer. Am Sa. 02.09.23 allerdings war f\u00fcr das TVH-Sommerfest traumhaftes Wetter da.\u00a0 Es wurden, wie schon die letzten Jahre, Kaffee und Kuchen angeboten und Steaks und W\u00fcrstchen gegrillt.Auch f\u00fcr Getr\u00e4nke war gesorgt. Sch\u00f6n war das dieses [&hellip;]<\/p>\n","protected":false},"author":2,"featured_media":2363,"comment_status":"closed","ping_status":"closed","sticky":false,"template":"","format":"standard","meta":{"ocean_post_layout":"","ocean_both_sidebars_style":"","ocean_both_sidebars_content_width":0,"ocean_both_sidebars_sidebars_width":0,"ocean_sidebar":"","ocean_second_sidebar":"","ocean_disable_margins":"enable","ocean_add_body_class":"","ocean_shortcode_before_top_bar":"","ocean_shortcode_after_top_bar":"","ocean_shortcode_before_header":"","ocean_shortcode_after_header":"","ocean_has_shortcode":"","ocean_shortcode_after_title":"","ocean_shortcode_before_footer_widgets":"","ocean_shortcode_after_footer_widgets":"","ocean_shortcode_before_footer_bottom":"","ocean_shortcode_after_footer_bottom":"","ocean_display_top_bar":"default","ocean_display_header":"default","ocean_header_style":"","ocean_center_header_left_menu":"","ocean_custom_header_template":"","ocean_custom_logo":0,"ocean_custom_retina_logo":0,"ocean_custom_logo_max_width":0,"ocean_custom_logo_tablet_max_width":0,"ocean_custom_logo_mobile_max_width":0,"ocean_custom_logo_max_height":0,"ocean_custom_logo_tablet_max_height":0,"ocean_custom_logo_mobile_max_height":0,"ocean_header_custom_menu":"","ocean_menu_typo_font_family":"","ocean_menu_typo_font_subset":"","ocean_menu_typo_font_size":0,"ocean_menu_typo_font_size_tablet":0,"ocean_menu_typo_font_size_mobile":0,"ocean_menu_typo_font_size_unit":"px","ocean_menu_typo_font_weight":"","ocean_menu_typo_font_weight_tablet":"","ocean_menu_typo_font_weight_mobile":"","ocean_menu_typo_transform":"","ocean_menu_typo_transform_tablet":"","ocean_menu_typo_transform_mobile":"","ocean_menu_typo_line_height":0,"ocean_menu_typo_line_height_tablet":0,"ocean_menu_typo_line_height_mobile":0,"ocean_menu_typo_line_height_unit":"","ocean_menu_typo_spacing":0,"ocean_menu_typo_spacing_tablet":0,"ocean_menu_typo_spacing_mobile":0,"ocean_menu_typo_spacing_unit":"","ocean_menu_link_color":"","ocean_menu_link_color_hover":"","ocean_menu_link_color_active":"","ocean_menu_link_background":"","ocean_menu_link_hover_background":"","ocean_menu_link_active_background":"","ocean_menu_social_links_bg":"","ocean_menu_social_hover_links_bg":"","ocean_menu_social_links_color":"","ocean_menu_social_hover_links_color":"","ocean_disable_title":"default","ocean_disable_heading":"default","ocean_post_title":"","ocean_post_subheading":"","ocean_post_title_style":"","ocean_post_title_background_color":"","ocean_post_title_background":0,"ocean_post_title_bg_image_position":"","ocean_post_title_bg_image_attachment":"","ocean_post_title_bg_image_repeat":"","ocean_post_title_bg_image_size":"","ocean_post_title_height":0,"ocean_post_title_bg_overlay":0.5,"ocean_post_title_bg_overlay_color":"","ocean_disable_breadcrumbs":"default","ocean_breadcrumbs_color":"","ocean_breadcrumbs_separator_color":"","ocean_breadcrumbs_links_color":"","ocean_breadcrumbs_links_hover_color":"","ocean_display_footer_widgets":"default","ocean_display_footer_bottom":"default","ocean_custom_footer_template":"","ofc_meta_disable_footer_callout":"","ofc_meta_callout_button_url":"","ofc_meta_callout_button_txt":"","ofc_meta_callout_text":"","ofc_enable_fullscreen":"disable","ofc_fullscreen_speed":0,"ofc_fullscreen_nav":"enable","ofc_fullscreen_nav_pos":"right","ofc_fullscreen_nav_color":"","ofc_fullscreen_nav_tooltip_color":"","ofc_fullscreen_responsive":0,"osp_disable_panel":"default","osh_disable_topbar_sticky":"default","osh_disable_header_sticky":"default","osh_sticky_header_style":"default","osh_sticky_header_effect":"","osh_custom_sticky_logo":0,"osh_custom_retina_sticky_logo":0,"osh_custom_sticky_logo_height":0,"osh_background_color":"","osh_links_color":"","osh_links_hover_color":"","osh_links_active_color":"","osh_links_bg_color":"","osh_links_hover_bg_color":"","osh_links_active_bg_color":"","osh_menu_social_links_color":"","osh_menu_social_hover_links_color":"","ocean_post_oembed":"","ocean_post_self_hosted_media":"","ocean_post_video_embed":"","ocean_link_format":"","ocean_link_format_target":"self","ocean_quote_format":"","ocean_quote_format_link":"post","ocean_gallery_link_images":"on","ocean_gallery_id":[],"footnotes":""},"categories":[35],"tags":[],"class_list":["post-2364","post","type-post","status-publish","format-standard","has-post-thumbnail","hentry","category-tvh-news","entry","has-media"],"yoast_head":"<!-- This site is optimized with the Yoast SEO plugin v27.3 - https:\/\/yoast.com\/product\/yoast-seo-wordpress\/ -->\n<title>Sommerfest 2023 - Der Wettergott spielte mit - TV Heppenheim<\/title>\n<meta name=\"robots\" content=\"index, follow, max-snippet:-1, max-image-preview:large, max-video-preview:-1\" \/>\n<link rel=\"canonical\" href=\"https:\/\/tvheppenheim.de\/?p=2364\" \/>\n<meta property=\"og:locale\" content=\"de_DE\" \/>\n<meta property=\"og:type\" content=\"article\" \/>\n<meta property=\"og:title\" content=\"Sommerfest 2023 - Der Wettergott spielte mit - TV Heppenheim\" \/>\n<meta property=\"og:description\" content=\"Am Tag zuvor ging wettertechnisch die Welt unter. Dauerregen mit Starkregen machte dem parallel stattfindenden Basketball-Camp das Leben etwas schwer. Am Sa. 02.09.23 allerdings war f\u00fcr das TVH-Sommerfest traumhaftes Wetter da.\u00a0 Es wurden, wie schon die letzten Jahre, Kaffee und Kuchen angeboten und Steaks und W\u00fcrstchen gegrillt.Auch f\u00fcr Getr\u00e4nke war gesorgt. Sch\u00f6n war das dieses [&hellip;]\" \/>\n<meta property=\"og:url\" content=\"https:\/\/tvheppenheim.de\/?p=2364\" \/>\n<meta property=\"og:site_name\" content=\"TV Heppenheim\" \/>\n<meta property=\"article:published_time\" content=\"2023-09-06T13:07:48+00:00\" \/>\n<meta property=\"article:modified_time\" content=\"2023-09-06T13:21:05+00:00\" \/>\n<meta property=\"og:image\" content=\"https:\/\/tvheppenheim.de\/wp-content\/uploads\/2023\/09\/P1080220.jpg\" \/>\n\t<meta property=\"og:image:width\" content=\"1200\" \/>\n\t<meta property=\"og:image:height\" content=\"800\" \/>\n\t<meta property=\"og:image:type\" content=\"image\/jpeg\" \/>\n<meta name=\"author\" content=\"Armin\" \/>\n<meta name=\"twitter:card\" content=\"summary_large_image\" \/>\n<meta name=\"twitter:label1\" content=\"Verfasst von\" \/>\n\t<meta name=\"twitter:data1\" content=\"Armin\" \/>\n\t<meta name=\"twitter:label2\" content=\"Gesch\u00e4tzte Lesezeit\" \/>\n\t<meta name=\"twitter:data2\" content=\"2\u00a0Minuten\" \/>\n<script type=\"application\/ld+json\" class=\"yoast-schema-graph\">{\"@context\":\"https:\\\/\\\/schema.org\",\"@graph\":[{\"@type\":\"Article\",\"@id\":\"https:\\\/\\\/tvheppenheim.de\\\/?p=2364#article\",\"isPartOf\":{\"@id\":\"https:\\\/\\\/tvheppenheim.de\\\/?p=2364\"},\"author\":{\"name\":\"Armin\",\"@id\":\"https:\\\/\\\/tvheppenheim.de\\\/#\\\/schema\\\/person\\\/9a0debd2d9e58b884ab39dfa45f7b911\"},\"headline\":\"Sommerfest 2023 &#8211; Der Wettergott spielte mit\",\"datePublished\":\"2023-09-06T13:07:48+00:00\",\"dateModified\":\"2023-09-06T13:21:05+00:00\",\"mainEntityOfPage\":{\"@id\":\"https:\\\/\\\/tvheppenheim.de\\\/?p=2364\"},\"wordCount\":128,\"publisher\":{\"@id\":\"https:\\\/\\\/tvheppenheim.de\\\/#organization\"},\"image\":{\"@id\":\"https:\\\/\\\/tvheppenheim.de\\\/?p=2364#primaryimage\"},\"thumbnailUrl\":\"https:\\\/\\\/tvheppenheim.de\\\/wp-content\\\/uploads\\\/2023\\\/09\\\/P1080220.jpg\",\"articleSection\":[\"TVH-News\"],\"inLanguage\":\"de\"},{\"@type\":\"WebPage\",\"@id\":\"https:\\\/\\\/tvheppenheim.de\\\/?p=2364\",\"url\":\"https:\\\/\\\/tvheppenheim.de\\\/?p=2364\",\"name\":\"Sommerfest 2023 - Der Wettergott spielte mit - TV Heppenheim\",\"isPartOf\":{\"@id\":\"https:\\\/\\\/tvheppenheim.de\\\/#website\"},\"primaryImageOfPage\":{\"@id\":\"https:\\\/\\\/tvheppenheim.de\\\/?p=2364#primaryimage\"},\"image\":{\"@id\":\"https:\\\/\\\/tvheppenheim.de\\\/?p=2364#primaryimage\"},\"thumbnailUrl\":\"https:\\\/\\\/tvheppenheim.de\\\/wp-content\\\/uploads\\\/2023\\\/09\\\/P1080220.jpg\",\"datePublished\":\"2023-09-06T13:07:48+00:00\",\"dateModified\":\"2023-09-06T13:21:05+00:00\",\"breadcrumb\":{\"@id\":\"https:\\\/\\\/tvheppenheim.de\\\/?p=2364#breadcrumb\"},\"inLanguage\":\"de\",\"potentialAction\":[{\"@type\":\"ReadAction\",\"target\":[\"https:\\\/\\\/tvheppenheim.de\\\/?p=2364\"]}]},{\"@type\":\"ImageObject\",\"inLanguage\":\"de\",\"@id\":\"https:\\\/\\\/tvheppenheim.de\\\/?p=2364#primaryimage\",\"url\":\"https:\\\/\\\/tvheppenheim.de\\\/wp-content\\\/uploads\\\/2023\\\/09\\\/P1080220.jpg\",\"contentUrl\":\"https:\\\/\\\/tvheppenheim.de\\\/wp-content\\\/uploads\\\/2023\\\/09\\\/P1080220.jpg\",\"width\":1200,\"height\":800},{\"@type\":\"BreadcrumbList\",\"@id\":\"https:\\\/\\\/tvheppenheim.de\\\/?p=2364#breadcrumb\",\"itemListElement\":[{\"@type\":\"ListItem\",\"position\":1,\"name\":\"Startseite\",\"item\":\"https:\\\/\\\/tvheppenheim.de\\\/\"},{\"@type\":\"ListItem\",\"position\":2,\"name\":\"Sommerfest 2023 &#8211; Der Wettergott spielte mit\"}]},{\"@type\":\"WebSite\",\"@id\":\"https:\\\/\\\/tvheppenheim.de\\\/#website\",\"url\":\"https:\\\/\\\/tvheppenheim.de\\\/\",\"name\":\"TV Heppenheim\",\"description\":\"\",\"publisher\":{\"@id\":\"https:\\\/\\\/tvheppenheim.de\\\/#organization\"},\"potentialAction\":[{\"@type\":\"SearchAction\",\"target\":{\"@type\":\"EntryPoint\",\"urlTemplate\":\"https:\\\/\\\/tvheppenheim.de\\\/?s={search_term_string}\"},\"query-input\":{\"@type\":\"PropertyValueSpecification\",\"valueRequired\":true,\"valueName\":\"search_term_string\"}}],\"inLanguage\":\"de\"},{\"@type\":\"Organization\",\"@id\":\"https:\\\/\\\/tvheppenheim.de\\\/#organization\",\"name\":\"TV Heppenheim\",\"url\":\"https:\\\/\\\/tvheppenheim.de\\\/\",\"logo\":{\"@type\":\"ImageObject\",\"inLanguage\":\"de\",\"@id\":\"https:\\\/\\\/tvheppenheim.de\\\/#\\\/schema\\\/logo\\\/image\\\/\",\"url\":\"https:\\\/\\\/tvheppenheim.de\\\/wp-content\\\/uploads\\\/2021\\\/05\\\/TVH_Header_hell_mit_Starkenburg_gesamt_dunkler_Kopf.png\",\"contentUrl\":\"https:\\\/\\\/tvheppenheim.de\\\/wp-content\\\/uploads\\\/2021\\\/05\\\/TVH_Header_hell_mit_Starkenburg_gesamt_dunkler_Kopf.png\",\"width\":1200,\"height\":124,\"caption\":\"TV Heppenheim\"},\"image\":{\"@id\":\"https:\\\/\\\/tvheppenheim.de\\\/#\\\/schema\\\/logo\\\/image\\\/\"}},{\"@type\":\"Person\",\"@id\":\"https:\\\/\\\/tvheppenheim.de\\\/#\\\/schema\\\/person\\\/9a0debd2d9e58b884ab39dfa45f7b911\",\"name\":\"Armin\",\"image\":{\"@type\":\"ImageObject\",\"inLanguage\":\"de\",\"@id\":\"https:\\\/\\\/secure.gravatar.com\\\/avatar\\\/27f36dc256a28955fbe6ec8d72f6f92b0ef4b6b0d9e2280f6adb8dd7a96e1ffe?s=96&d=mm&r=g\",\"url\":\"https:\\\/\\\/secure.gravatar.com\\\/avatar\\\/27f36dc256a28955fbe6ec8d72f6f92b0ef4b6b0d9e2280f6adb8dd7a96e1ffe?s=96&d=mm&r=g\",\"contentUrl\":\"https:\\\/\\\/secure.gravatar.com\\\/avatar\\\/27f36dc256a28955fbe6ec8d72f6f92b0ef4b6b0d9e2280f6adb8dd7a96e1ffe?s=96&d=mm&r=g\",\"caption\":\"Armin\"},\"url\":\"https:\\\/\\\/tvheppenheim.de\\\/?author=2\"}]}<\/script>\n<!-- \/ Yoast SEO plugin. -->","yoast_head_json":{"title":"Sommerfest 2023 - Der Wettergott spielte mit - TV Heppenheim","robots":{"index":"index","follow":"follow","max-snippet":"max-snippet:-1","max-image-preview":"max-image-preview:large","max-video-preview":"max-video-preview:-1"},"canonical":"https:\/\/tvheppenheim.de\/?p=2364","og_locale":"de_DE","og_type":"article","og_title":"Sommerfest 2023 - Der Wettergott spielte mit - TV Heppenheim","og_description":"Am Tag zuvor ging wettertechnisch die Welt unter. Dauerregen mit Starkregen machte dem parallel stattfindenden Basketball-Camp das Leben etwas schwer. Am Sa. 02.09.23 allerdings war f\u00fcr das TVH-Sommerfest traumhaftes Wetter da.\u00a0 Es wurden, wie schon die letzten Jahre, Kaffee und Kuchen angeboten und Steaks und W\u00fcrstchen gegrillt.Auch f\u00fcr Getr\u00e4nke war gesorgt. Sch\u00f6n war das dieses [&hellip;]","og_url":"https:\/\/tvheppenheim.de\/?p=2364","og_site_name":"TV Heppenheim","article_published_time":"2023-09-06T13:07:48+00:00","article_modified_time":"2023-09-06T13:21:05+00:00","og_image":[{"width":1200,"height":800,"url":"https:\/\/tvheppenheim.de\/wp-content\/uploads\/2023\/09\/P1080220.jpg","type":"image\/jpeg"}],"author":"Armin","twitter_card":"summary_large_image","twitter_misc":{"Verfasst von":"Armin","Gesch\u00e4tzte Lesezeit":"2\u00a0Minuten"},"schema":{"@context":"https:\/\/schema.org","@graph":[{"@type":"Article","@id":"https:\/\/tvheppenheim.de\/?p=2364#article","isPartOf":{"@id":"https:\/\/tvheppenheim.de\/?p=2364"},"author":{"name":"Armin","@id":"https:\/\/tvheppenheim.de\/#\/schema\/person\/9a0debd2d9e58b884ab39dfa45f7b911"},"headline":"Sommerfest 2023 &#8211; Der Wettergott spielte mit","datePublished":"2023-09-06T13:07:48+00:00","dateModified":"2023-09-06T13:21:05+00:00","mainEntityOfPage":{"@id":"https:\/\/tvheppenheim.de\/?p=2364"},"wordCount":128,"publisher":{"@id":"https:\/\/tvheppenheim.de\/#organization"},"image":{"@id":"https:\/\/tvheppenheim.de\/?p=2364#primaryimage"},"thumbnailUrl":"https:\/\/tvheppenheim.de\/wp-content\/uploads\/2023\/09\/P1080220.jpg","articleSection":["TVH-News"],"inLanguage":"de"},{"@type":"WebPage","@id":"https:\/\/tvheppenheim.de\/?p=2364","url":"https:\/\/tvheppenheim.de\/?p=2364","name":"Sommerfest 2023 - Der Wettergott spielte mit - TV Heppenheim","isPartOf":{"@id":"https:\/\/tvheppenheim.de\/#website"},"primaryImageOfPage":{"@id":"https:\/\/tvheppenheim.de\/?p=2364#primaryimage"},"image":{"@id":"https:\/\/tvheppenheim.de\/?p=2364#primaryimage"},"thumbnailUrl":"https:\/\/tvheppenheim.de\/wp-content\/uploads\/2023\/09\/P1080220.jpg","datePublished":"2023-09-06T13:07:48+00:00","dateModified":"2023-09-06T13:21:05+00:00","breadcrumb":{"@id":"https:\/\/tvheppenheim.de\/?p=2364#breadcrumb"},"inLanguage":"de","potentialAction":[{"@type":"ReadAction","target":["https:\/\/tvheppenheim.de\/?p=2364"]}]},{"@type":"ImageObject","inLanguage":"de","@id":"https:\/\/tvheppenheim.de\/?p=2364#primaryimage","url":"https:\/\/tvheppenheim.de\/wp-content\/uploads\/2023\/09\/P1080220.jpg","contentUrl":"https:\/\/tvheppenheim.de\/wp-content\/uploads\/2023\/09\/P1080220.jpg","width":1200,"height":800},{"@type":"BreadcrumbList","@id":"https:\/\/tvheppenheim.de\/?p=2364#breadcrumb","itemListElement":[{"@type":"ListItem","position":1,"name":"Startseite","item":"https:\/\/tvheppenheim.de\/"},{"@type":"ListItem","position":2,"name":"Sommerfest 2023 &#8211; Der Wettergott spielte mit"}]},{"@type":"WebSite","@id":"https:\/\/tvheppenheim.de\/#website","url":"https:\/\/tvheppenheim.de\/","name":"TV Heppenheim","description":"","publisher":{"@id":"https:\/\/tvheppenheim.de\/#organization"},"potentialAction":[{"@type":"SearchAction","target":{"@type":"EntryPoint","urlTemplate":"https:\/\/tvheppenheim.de\/?s={search_term_string}"},"query-input":{"@type":"PropertyValueSpecification","valueRequired":true,"valueName":"search_term_string"}}],"inLanguage":"de"},{"@type":"Organization","@id":"https:\/\/tvheppenheim.de\/#organization","name":"TV Heppenheim","url":"https:\/\/tvheppenheim.de\/","logo":{"@type":"ImageObject","inLanguage":"de","@id":"https:\/\/tvheppenheim.de\/#\/schema\/logo\/image\/","url":"https:\/\/tvheppenheim.de\/wp-content\/uploads\/2021\/05\/TVH_Header_hell_mit_Starkenburg_gesamt_dunkler_Kopf.png","contentUrl":"https:\/\/tvheppenheim.de\/wp-content\/uploads\/2021\/05\/TVH_Header_hell_mit_Starkenburg_gesamt_dunkler_Kopf.png","width":1200,"height":124,"caption":"TV Heppenheim"},"image":{"@id":"https:\/\/tvheppenheim.de\/#\/schema\/logo\/image\/"}},{"@type":"Person","@id":"https:\/\/tvheppenheim.de\/#\/schema\/person\/9a0debd2d9e58b884ab39dfa45f7b911","name":"Armin","image":{"@type":"ImageObject","inLanguage":"de","@id":"https:\/\/secure.gravatar.com\/avatar\/27f36dc256a28955fbe6ec8d72f6f92b0ef4b6b0d9e2280f6adb8dd7a96e1ffe?s=96&d=mm&r=g","url":"https:\/\/secure.gravatar.com\/avatar\/27f36dc256a28955fbe6ec8d72f6f92b0ef4b6b0d9e2280f6adb8dd7a96e1ffe?s=96&d=mm&r=g","contentUrl":"https:\/\/secure.gravatar.com\/avatar\/27f36dc256a28955fbe6ec8d72f6f92b0ef4b6b0d9e2280f6adb8dd7a96e1ffe?s=96&d=mm&r=g","caption":"Armin"},"url":"https:\/\/tvheppenheim.de\/?author=2"}]}},"_links":{"self":[{"href":"https:\/\/tvheppenheim.de\/index.php?rest_route=\/wp\/v2\/posts\/2364","targetHints":{"allow":["GET"]}}],"collection":[{"href":"https:\/\/tvheppenheim.de\/index.php?rest_route=\/wp\/v2\/posts"}],"about":[{"href":"https:\/\/tvheppenheim.de\/index.php?rest_route=\/wp\/v2\/types\/post"}],"author":[{"embeddable":true,"href":"https:\/\/tvheppenheim.de\/index.php?rest_route=\/wp\/v2\/users\/2"}],"replies":[{"embeddable":true,"href":"https:\/\/tvheppenheim.de\/index.php?rest_route=%2Fwp%2Fv2%2Fcomments&post=2364"}],"version-history":[{"count":4,"href":"https:\/\/tvheppenheim.de\/index.php?rest_route=\/wp\/v2\/posts\/2364\/revisions"}],"predecessor-version":[{"id":2368,"href":"https:\/\/tvheppenheim.de\/index.php?rest_route=\/wp\/v2\/posts\/2364\/revisions\/2368"}],"wp:featuredmedia":[{"embeddable":true,"href":"https:\/\/tvheppenheim.de\/index.php?rest_route=\/wp\/v2\/media\/2363"}],"wp:attachment":[{"href":"https:\/\/tvheppenheim.de\/index.php?rest_route=%2Fwp%2Fv2%2Fmedia&parent=2364"}],"wp:term":[{"taxonomy":"category","embeddable":true,"href":"https:\/\/tvheppenheim.de\/index.php?rest_route=%2Fwp%2Fv2%2Fcategories&post=2364"},{"taxonomy":"post_tag","embeddable":true,"href":"https:\/\/tvheppenheim.de\/index.php?rest_route=%2Fwp%2Fv2%2Ftags&post=2364"}],"curies":[{"name":"wp","href":"https:\/\/api.w.org\/{rel}","templated":true}]}}