{"id":2618,"date":"2025-04-21T14:45:38","date_gmt":"2025-04-21T12:45:38","guid":{"rendered":"https:\/\/tvheppenheim.de\/?p=2618"},"modified":"2025-04-21T14:53:50","modified_gmt":"2025-04-21T12:53:50","slug":"mitgliederversammlung-am-freitag-23-05-2025","status":"publish","type":"post","link":"https:\/\/tvheppenheim.de\/?p=2618","title":{"rendered":"Mitgliederversammlung am Freitag, 23.05.2025"},"content":{"rendered":"\t\t<div data-elementor-type=\"wp-post\" data-elementor-id=\"2618\" class=\"elementor elementor-2618\" data-elementor-post-type=\"post\">\n\t\t\t\t\t\t<section class=\"elementor-section elementor-top-section elementor-element elementor-element-8324f04 elementor-section-boxed elementor-section-height-default elementor-section-height-default\" data-id=\"8324f04\" data-element_type=\"section\" data-e-type=\"section\">\n\t\t\t\t\t\t<div class=\"elementor-container elementor-column-gap-default\">\n\t\t\t\t\t<div class=\"elementor-column elementor-col-100 elementor-top-column elementor-element elementor-element-ee12538\" data-id=\"ee12538\" data-element_type=\"column\" data-e-type=\"column\">\n\t\t\t<div class=\"elementor-widget-wrap elementor-element-populated\">\n\t\t\t\t\t\t<div class=\"elementor-element elementor-element-6801b08 elementor-widget elementor-widget-text-editor\" data-id=\"6801b08\" data-element_type=\"widget\" data-e-type=\"widget\" data-widget_type=\"text-editor.default\">\n\t\t\t\t<div class=\"elementor-widget-container\">\n\t\t\t\t\t\t\t\t\t<h4 style=\"text-align: center;\">Einladung zur ordentlichen Mitgliederversammlung des<\/h4><p>\u00a0<\/p><p>Turnverein Heppenheim 1864\/91 e.V.<\/p><p>f\u00fcr das Jahr 2024<br \/>am Freitag, 23. Mai 2025 um 19:00 Uhr<br \/><br \/>Restaurant \u201eDas Burgheim\u201c, ehemals \u201eGossini\u201c, <br \/>Am Graben 5,<br \/>64646 Heppenheim<\/p>\t\t\t\t\t\t\t\t<\/div>\n\t\t\t\t<\/div>\n\t\t\t\t\t<\/div>\n\t\t<\/div>\n\t\t\t\t\t<\/div>\n\t\t<\/section>\n\t\t\t\t<section class=\"elementor-section elementor-top-section elementor-element elementor-element-57f219b elementor-section-boxed elementor-section-height-default elementor-section-height-default\" data-id=\"57f219b\" data-element_type=\"section\" data-e-type=\"section\">\n\t\t\t\t\t\t<div class=\"elementor-container elementor-column-gap-default\">\n\t\t\t\t\t<div class=\"elementor-column elementor-col-100 elementor-top-column elementor-element elementor-element-2d69700\" data-id=\"2d69700\" data-element_type=\"column\" data-e-type=\"column\">\n\t\t\t<div class=\"elementor-widget-wrap elementor-element-populated\">\n\t\t\t\t\t\t<div class=\"elementor-element elementor-element-212f3d9 oew-table-mobile-header-column elementor-widget elementor-widget-oew-table\" data-id=\"212f3d9\" data-element_type=\"widget\" data-e-type=\"widget\" data-widget_type=\"oew-table.default\">\n\t\t\t\t<div class=\"elementor-widget-container\">\n\t\t\t\t\t\n\t\t<table class=\"oew-table oew-table-even\">\n\n\t\t\t\n\t\t\t\t<thead>\n\t\t\t\t\t<tr class=\"oew-table-row\">\n\n\t\t\t\t\t\t<th class=\"oew-table-cell elementor-repeater-item-8824a0d\"><span class=\"oew-table-text\"><span class=\"oew-table-text-inner\"><\/span><\/span><\/th><th class=\"oew-table-cell elementor-repeater-item-8824a0d oew-table-cell elementor-repeater-item-e9c05b1\"><span class=\"oew-table-text oew-table-text\"><span class=\"oew-table-text-inner\">Tagesordnung<\/span><\/span><\/th>\n\t\t\t\t\t<\/tr>\n\n\t\t\t\t<\/thead>\n\n\t\t\t\n\t\t\t\t<tbody>\n\n\t\t\t\t\t\n\t\t\t\t\t\t<tr class=\"oew-table-row elementor-repeater-item-c6058a5\"><td class=\"oew-table-cell elementor-repeater-item-a70e16c\"><span class=\"oew-table-text\"><span class=\"oew-table-text-inner\">1.<\/span><\/span><\/td><td class=\"oew-table-cell elementor-repeater-item-24df388\" data-title=\"Tagesordnung\"><span class=\"oew-table-text\"><span class=\"oew-table-text-inner\">Er\u00f6ffnung und Begr\u00fc\u00dfung<\/span><\/span><\/td><\/tr><tr class=\"oew-table-row elementor-repeater-item-8753a92\"><td class=\"oew-table-cell elementor-repeater-item-30dd510\"><span class=\"oew-table-text\"><span class=\"oew-table-text-inner\">2.<\/span><\/span><\/td><td class=\"oew-table-cell elementor-repeater-item-0e39c97\" data-title=\"Tagesordnung\"><span class=\"oew-table-text\"><span class=\"oew-table-text-inner\">Totenehrung<\/span><\/span><\/td><\/tr><tr class=\"oew-table-row elementor-repeater-item-d4bf554\"><td class=\"oew-table-cell elementor-repeater-item-b1b31d4\"><span class=\"oew-table-text\"><span class=\"oew-table-text-inner\">3.<\/span><\/span><\/td><td class=\"oew-table-cell elementor-repeater-item-f82def3\" data-title=\"Tagesordnung\"><span class=\"oew-table-text\"><span class=\"oew-table-text-inner\">Feststellung der Beschlussf\u00e4higkeit und der form- und fristgem\u00e4\u00dfen Einladung<\/span><\/span><\/td><\/tr><tr class=\"oew-table-row elementor-repeater-item-6e958ee\"><td class=\"oew-table-cell elementor-repeater-item-7f76e7e\"><span class=\"oew-table-text\"><span class=\"oew-table-text-inner\">4.<\/span><\/span><\/td><td class=\"oew-table-cell elementor-repeater-item-5362c68\" data-title=\"Tagesordnung\"><span class=\"oew-table-text\"><span class=\"oew-table-text-inner\">Bericht des Vorstandes 2022<\/span><\/span><\/td><\/tr><tr class=\"oew-table-row elementor-repeater-item-cc0d71c\"><td class=\"oew-table-cell elementor-repeater-item-3011075\"><span class=\"oew-table-text\"><span class=\"oew-table-text-inner\">5.<\/span><\/span><\/td><td class=\"oew-table-cell elementor-repeater-item-c94b766\" data-title=\"Tagesordnung\"><span class=\"oew-table-text\"><span class=\"oew-table-text-inner\">Bericht des Kassenwarts 2022<\/span><\/span><\/td><\/tr><tr class=\"oew-table-row elementor-repeater-item-9e3b48c\"><td class=\"oew-table-cell elementor-repeater-item-0255767\"><span class=\"oew-table-text\"><span class=\"oew-table-text-inner\">6.<\/span><\/span><\/td><td class=\"oew-table-cell elementor-repeater-item-d603b17\" data-title=\"Tagesordnung\"><span class=\"oew-table-text\"><span class=\"oew-table-text-inner\">Bericht der Kassenpr\u00fcfer 2022<\/span><\/span><\/td><\/tr><tr class=\"oew-table-row elementor-repeater-item-ee98939\"><td class=\"oew-table-cell elementor-repeater-item-f2bd094\"><span class=\"oew-table-text\"><span class=\"oew-table-text-inner\">7.<\/span><\/span><\/td><td class=\"oew-table-cell elementor-repeater-item-28a8ed8\" data-title=\"Tagesordnung\"><span class=\"oew-table-text\"><span class=\"oew-table-text-inner\">Bericht der Abteilungen 2022<\/span><\/span><\/td><\/tr><tr class=\"oew-table-row elementor-repeater-item-f71c87b\"><td class=\"oew-table-cell elementor-repeater-item-54bd5e7\"><span class=\"oew-table-text\"><span class=\"oew-table-text-inner\">8.<\/span><\/span><\/td><td class=\"oew-table-cell elementor-repeater-item-e32506b\" data-title=\"Tagesordnung\"><span class=\"oew-table-text\"><span class=\"oew-table-text-inner\">Aussprache \u00fcber die Berichte 4. bis 7.<\/span><\/span><\/td><\/tr><tr class=\"oew-table-row elementor-repeater-item-89801a4\"><td class=\"oew-table-cell elementor-repeater-item-4955d72\"><span class=\"oew-table-text\"><span class=\"oew-table-text-inner\">9.<\/span><\/span><\/td><td class=\"oew-table-cell elementor-repeater-item-ff76044\" data-title=\"Tagesordnung\"><span class=\"oew-table-text\"><span class=\"oew-table-text-inner\">Entlastung Kassenwart 2022<\/span><\/span><\/td><\/tr><tr class=\"oew-table-row elementor-repeater-item-4583b53\"><td class=\"oew-table-cell elementor-repeater-item-a47cb7a\"><span class=\"oew-table-text\"><span class=\"oew-table-text-inner\">10.<\/span><\/span><\/td><td class=\"oew-table-cell elementor-repeater-item-653a9a8\" data-title=\"Tagesordnung\"><span class=\"oew-table-text\"><span class=\"oew-table-text-inner\">Entlastung gesch\u00e4ftsf\u00fchrender Vorstand 2022<\/span><\/span><\/td><\/tr><tr class=\"oew-table-row elementor-repeater-item-8d9e6fe\"><td class=\"oew-table-cell elementor-repeater-item-f1ca25b\"><span class=\"oew-table-text\"><span class=\"oew-table-text-inner\">11.<\/span><\/span><\/td><td class=\"oew-table-cell elementor-repeater-item-3cccf08\" data-title=\"Tagesordnung\"><span class=\"oew-table-text\"><span class=\"oew-table-text-inner\">Turnusm\u00e4\u00dfige Wahl des gesch\u00e4ftsf\u00fchrenden Vorstands<\/span><\/span><\/td><\/tr><tr class=\"oew-table-row elementor-repeater-item-c3e42ed\"><td class=\"oew-table-cell elementor-repeater-item-e14185b\"><span class=\"oew-table-text\"><span class=\"oew-table-text-inner\">12.<\/span><\/span><\/td><td class=\"oew-table-cell elementor-repeater-item-0226c3c\" data-title=\"Tagesordnung\"><span class=\"oew-table-text\"><span class=\"oew-table-text-inner\">Wahl von Beisitzern<\/span><\/span><\/td><\/tr><tr class=\"oew-table-row elementor-repeater-item-c61dc9f\"><td class=\"oew-table-cell elementor-repeater-item-15186b1\"><span class=\"oew-table-text\"><span class=\"oew-table-text-inner\">13.<\/span><\/span><\/td><td class=\"oew-table-cell elementor-repeater-item-bad4c0d\" data-title=\"Tagesordnung\"><a href=\"https:\/\/tvheppenheim.de\/wp-content\/uploads\/2025\/04\/TVH-Satzung-2025.pdf\" class=\"oew-table-text\"><span class=\"oew-table-text-inner\">Er\u00f6rterung und Beschlussfassung \u00fcber die Annahme der Erg\u00e4nzung\/\u00c4nderung der Vereinssatzung: <br>Einf\u00fcgung als letzter Absatz des Vorwortes: <br>\u201eSofern nicht zwingende gesetzliche Bestimmungen etwas anderes erfordern, k\u00f6nnen s\u00e4mtliche Erkl\u00e4rungen der Mitglieder gegen\u00fcber dem Verein und s\u00e4mtliche Erkl\u00e4rungen des Vereins gegen\u00fcber den Mitgliedern in Textform erfolgen. Insoweit schlie\u00dft ein Schriftformerfordernis in dieser Satzung oder in Vereinsordnungen die Textform ein.\u201c <br><br>\u00c4nderung in \u00a7 9 Mitgliederversammlung Tz. 1 Satz 4: \u201eDie Einberufung erfolgt durch Ver\u00f6ffentlichung im \u00f6ffentlichen Bereich der Vereinshomepage \"www.tvheppenheim.de\u201c. Der aktuelle Entwurf der ge\u00e4nderten Vereinssatzung ist auf der Homepage des Vereins unter www.tvheppenheim.de einsehbar. <br>Dar\u00fcber hinaus kann jedes Mitglied den aktuellen Entwurf der neuen Vereinssatzung zu den \u00d6ffnungszeiten in der Gesch\u00e4ftsstelle des Vereins \u201eAm Stadion, 64646 Heppenheim\u201c einsehen.<\/span><\/a><\/td><\/tr><tr class=\"oew-table-row elementor-repeater-item-b1e3c0f\"><td class=\"oew-table-cell elementor-repeater-item-457cc99\"><span class=\"oew-table-text\"><span class=\"oew-table-text-inner\">14.<\/span><\/span><\/td><td class=\"oew-table-cell elementor-repeater-item-0f0aabf\" data-title=\"Tagesordnung\"><span class=\"oew-table-text\"><span class=\"oew-table-text-inner\">Wahl eines Kassenpr\u00fcfers<\/span><\/span><\/td><\/tr><tr class=\"oew-table-row elementor-repeater-item-f54eccb\"><td class=\"oew-table-cell elementor-repeater-item-16846cb\"><span class=\"oew-table-text\"><span class=\"oew-table-text-inner\">15.<\/span><\/span><\/td><td class=\"oew-table-cell elementor-repeater-item-eb17121\" data-title=\"Tagesordnung\"><span class=\"oew-table-text\"><span class=\"oew-table-text-inner\">Antr\u00e4ge<\/span><\/span><\/td><\/tr><tr class=\"oew-table-row elementor-repeater-item-85fe72f\"><td class=\"oew-table-cell elementor-repeater-item-a633859\"><span class=\"oew-table-text\"><span class=\"oew-table-text-inner\">16.<\/span><\/span><\/td><td class=\"oew-table-cell elementor-repeater-item-ad4c5d1\" data-title=\"Tagesordnung\"><span class=\"oew-table-text\"><span class=\"oew-table-text-inner\">Verschiedenes<\/span><\/span><\/td>\n\t\t\t\t\t<\/tr>\n\n\t\t\t\t<\/tbody>\n\n\t\t\t\n\t\t<\/table>\n\n\t\t\t\t\t<\/div>\n\t\t\t\t<\/div>\n\t\t\t\t\t<\/div>\n\t\t<\/div>\n\t\t\t\t\t<\/div>\n\t\t<\/section>\n\t\t\t\t<section class=\"elementor-section elementor-top-section elementor-element elementor-element-9915de2 elementor-section-boxed elementor-section-height-default elementor-section-height-default\" data-id=\"9915de2\" data-element_type=\"section\" data-e-type=\"section\">\n\t\t\t\t\t\t<div class=\"elementor-container elementor-column-gap-default\">\n\t\t\t\t\t<div class=\"elementor-column elementor-col-100 elementor-top-column elementor-element elementor-element-d112120\" data-id=\"d112120\" data-element_type=\"column\" data-e-type=\"column\">\n\t\t\t<div class=\"elementor-widget-wrap elementor-element-populated\">\n\t\t\t\t\t\t<div class=\"elementor-element elementor-element-7043b83 elementor-widget elementor-widget-text-editor\" data-id=\"7043b83\" data-element_type=\"widget\" data-e-type=\"widget\" data-widget_type=\"text-editor.default\">\n\t\t\t\t<div class=\"elementor-widget-container\">\n\t\t\t\t\t\t\t\t\t<p>Bis zum heutigen Tage sind keine Antr\u00e4ge f\u00fcr die o.g. ordentliche Mitgliederversammlung eingegangen. Nach dem heutigen Tage eingehende Antr\u00e4ge k\u00f6nnen erst in der n\u00e4chsten ordentlichen Mitgliederversammlung im Jahr 2026 behandelt werden.<\/p><p>Karl-Heinz Krau\u00df<\/p><ol><li>Vorsitzender TVH, April 2025<\/li><\/ol>\t\t\t\t\t\t\t\t<\/div>\n\t\t\t\t<\/div>\n\t\t\t\t\t<\/div>\n\t\t<\/div>\n\t\t\t\t\t<\/div>\n\t\t<\/section>\n\t\t\t\t<\/div>\n\t\t","protected":false},"excerpt":{"rendered":"<p>Einladung zur ordentlichen Mitgliederversammlung des \u00a0 Turnverein Heppenheim 1864\/91 e.V. f\u00fcr das Jahr 2024am Freitag, 23. Mai 2025 um 19:00 Uhr Restaurant \u201eDas Burgheim\u201c, ehemals \u201eGossini\u201c, Am Graben 5,64646 Heppenheim Tagesordnung 1. Er\u00f6ffnung und Begr\u00fc\u00dfung 2. Totenehrung 3. Feststellung der Beschlussf\u00e4higkeit und der form- und fristgem\u00e4\u00dfen Einladung 4. Bericht des Vorstandes 2022 5. Bericht des [&hellip;]<\/p>\n","protected":false},"author":2,"featured_media":316,"comment_status":"closed","ping_status":"closed","sticky":false,"template":"","format":"standard","meta":{"ocean_post_layout":"","ocean_both_sidebars_style":"","ocean_both_sidebars_content_width":0,"ocean_both_sidebars_sidebars_width":0,"ocean_sidebar":"","ocean_second_sidebar":"","ocean_disable_margins":"enable","ocean_add_body_class":"","ocean_shortcode_before_top_bar":"","ocean_shortcode_after_top_bar":"","ocean_shortcode_before_header":"","ocean_shortcode_after_header":"","ocean_has_shortcode":"","ocean_shortcode_after_title":"","ocean_shortcode_before_footer_widgets":"","ocean_shortcode_after_footer_widgets":"","ocean_shortcode_before_footer_bottom":"","ocean_shortcode_after_footer_bottom":"","ocean_display_top_bar":"default","ocean_display_header":"default","ocean_header_style":"","ocean_center_header_left_menu":"","ocean_custom_header_template":"","ocean_custom_logo":0,"ocean_custom_retina_logo":0,"ocean_custom_logo_max_width":0,"ocean_custom_logo_tablet_max_width":0,"ocean_custom_logo_mobile_max_width":0,"ocean_custom_logo_max_height":0,"ocean_custom_logo_tablet_max_height":0,"ocean_custom_logo_mobile_max_height":0,"ocean_header_custom_menu":"","ocean_menu_typo_font_family":"","ocean_menu_typo_font_subset":"","ocean_menu_typo_font_size":0,"ocean_menu_typo_font_size_tablet":0,"ocean_menu_typo_font_size_mobile":0,"ocean_menu_typo_font_size_unit":"px","ocean_menu_typo_font_weight":"","ocean_menu_typo_font_weight_tablet":"","ocean_menu_typo_font_weight_mobile":"","ocean_menu_typo_transform":"","ocean_menu_typo_transform_tablet":"","ocean_menu_typo_transform_mobile":"","ocean_menu_typo_line_height":0,"ocean_menu_typo_line_height_tablet":0,"ocean_menu_typo_line_height_mobile":0,"ocean_menu_typo_line_height_unit":"","ocean_menu_typo_spacing":0,"ocean_menu_typo_spacing_tablet":0,"ocean_menu_typo_spacing_mobile":0,"ocean_menu_typo_spacing_unit":"","ocean_menu_link_color":"","ocean_menu_link_color_hover":"","ocean_menu_link_color_active":"","ocean_menu_link_background":"","ocean_menu_link_hover_background":"","ocean_menu_link_active_background":"","ocean_menu_social_links_bg":"","ocean_menu_social_hover_links_bg":"","ocean_menu_social_links_color":"","ocean_menu_social_hover_links_color":"","ocean_disable_title":"default","ocean_disable_heading":"default","ocean_post_title":"","ocean_post_subheading":"","ocean_post_title_style":"","ocean_post_title_background_color":"","ocean_post_title_background":0,"ocean_post_title_bg_image_position":"","ocean_post_title_bg_image_attachment":"","ocean_post_title_bg_image_repeat":"","ocean_post_title_bg_image_size":"","ocean_post_title_height":0,"ocean_post_title_bg_overlay":0.5,"ocean_post_title_bg_overlay_color":"","ocean_disable_breadcrumbs":"default","ocean_breadcrumbs_color":"","ocean_breadcrumbs_separator_color":"","ocean_breadcrumbs_links_color":"","ocean_breadcrumbs_links_hover_color":"","ocean_display_footer_widgets":"default","ocean_display_footer_bottom":"default","ocean_custom_footer_template":"","ofc_meta_disable_footer_callout":"","ofc_meta_callout_button_url":"","ofc_meta_callout_button_txt":"","ofc_meta_callout_text":"","ofc_enable_fullscreen":"disable","ofc_fullscreen_speed":0,"ofc_fullscreen_nav":"enable","ofc_fullscreen_nav_pos":"right","ofc_fullscreen_nav_color":"","ofc_fullscreen_nav_tooltip_color":"","ofc_fullscreen_responsive":0,"osp_disable_panel":"default","osh_disable_topbar_sticky":"default","osh_disable_header_sticky":"default","osh_sticky_header_style":"default","osh_sticky_header_effect":"","osh_custom_sticky_logo":0,"osh_custom_retina_sticky_logo":0,"osh_custom_sticky_logo_height":0,"osh_background_color":"","osh_links_color":"","osh_links_hover_color":"","osh_links_active_color":"","osh_links_bg_color":"","osh_links_hover_bg_color":"","osh_links_active_bg_color":"","osh_menu_social_links_color":"","osh_menu_social_hover_links_color":"","ocean_post_oembed":"","ocean_post_self_hosted_media":"","ocean_post_video_embed":"","ocean_link_format":"","ocean_link_format_target":"self","ocean_quote_format":"","ocean_quote_format_link":"post","ocean_gallery_link_images":"on","ocean_gallery_id":[],"footnotes":""},"categories":[1],"tags":[],"class_list":["post-2618","post","type-post","status-publish","format-standard","has-post-thumbnail","hentry","category-allgemein","entry","has-media"],"yoast_head":"<!-- This site is optimized with the Yoast SEO plugin v27.3 - https:\/\/yoast.com\/product\/yoast-seo-wordpress\/ -->\n<title>Mitgliederversammlung am Freitag, 23.05.2025 - TV Heppenheim<\/title>\n<meta name=\"robots\" content=\"index, follow, max-snippet:-1, max-image-preview:large, max-video-preview:-1\" \/>\n<link rel=\"canonical\" href=\"https:\/\/tvheppenheim.de\/?p=2618\" \/>\n<meta property=\"og:locale\" content=\"de_DE\" \/>\n<meta property=\"og:type\" content=\"article\" \/>\n<meta property=\"og:title\" content=\"Mitgliederversammlung am Freitag, 23.05.2025 - TV Heppenheim\" \/>\n<meta property=\"og:description\" content=\"Einladung zur ordentlichen Mitgliederversammlung des \u00a0 Turnverein Heppenheim 1864\/91 e.V. f\u00fcr das Jahr 2024am Freitag, 23. Mai 2025 um 19:00 Uhr Restaurant \u201eDas Burgheim\u201c, ehemals \u201eGossini\u201c, Am Graben 5,64646 Heppenheim Tagesordnung 1. Er\u00f6ffnung und Begr\u00fc\u00dfung 2. Totenehrung 3. Feststellung der Beschlussf\u00e4higkeit und der form- und fristgem\u00e4\u00dfen Einladung 4. Bericht des Vorstandes 2022 5. Bericht des [&hellip;]\" \/>\n<meta property=\"og:url\" content=\"https:\/\/tvheppenheim.de\/?p=2618\" \/>\n<meta property=\"og:site_name\" content=\"TV Heppenheim\" \/>\n<meta property=\"article:published_time\" content=\"2025-04-21T12:45:38+00:00\" \/>\n<meta property=\"article:modified_time\" content=\"2025-04-21T12:53:50+00:00\" \/>\n<meta property=\"og:image\" content=\"https:\/\/tvheppenheim.de\/wp-content\/uploads\/2021\/01\/TVH_Wappen_rgb-1.png\" \/>\n\t<meta property=\"og:image:width\" content=\"1200\" \/>\n\t<meta property=\"og:image:height\" content=\"466\" \/>\n\t<meta property=\"og:image:type\" content=\"image\/png\" \/>\n<meta name=\"author\" content=\"Armin\" \/>\n<meta name=\"twitter:card\" content=\"summary_large_image\" \/>\n<meta name=\"twitter:label1\" content=\"Verfasst von\" \/>\n\t<meta name=\"twitter:data1\" content=\"Armin\" \/>\n\t<meta name=\"twitter:label2\" content=\"Gesch\u00e4tzte Lesezeit\" \/>\n\t<meta name=\"twitter:data2\" content=\"2\u00a0Minuten\" \/>\n<script type=\"application\/ld+json\" class=\"yoast-schema-graph\">{\"@context\":\"https:\\\/\\\/schema.org\",\"@graph\":[{\"@type\":\"Article\",\"@id\":\"https:\\\/\\\/tvheppenheim.de\\\/?p=2618#article\",\"isPartOf\":{\"@id\":\"https:\\\/\\\/tvheppenheim.de\\\/?p=2618\"},\"author\":{\"name\":\"Armin\",\"@id\":\"https:\\\/\\\/tvheppenheim.de\\\/#\\\/schema\\\/person\\\/9a0debd2d9e58b884ab39dfa45f7b911\"},\"headline\":\"Mitgliederversammlung am Freitag, 23.05.2025\",\"datePublished\":\"2025-04-21T12:45:38+00:00\",\"dateModified\":\"2025-04-21T12:53:50+00:00\",\"mainEntityOfPage\":{\"@id\":\"https:\\\/\\\/tvheppenheim.de\\\/?p=2618\"},\"wordCount\":261,\"publisher\":{\"@id\":\"https:\\\/\\\/tvheppenheim.de\\\/#organization\"},\"image\":{\"@id\":\"https:\\\/\\\/tvheppenheim.de\\\/?p=2618#primaryimage\"},\"thumbnailUrl\":\"https:\\\/\\\/tvheppenheim.de\\\/wp-content\\\/uploads\\\/2021\\\/01\\\/TVH_Wappen_rgb-1.png\",\"inLanguage\":\"de\"},{\"@type\":\"WebPage\",\"@id\":\"https:\\\/\\\/tvheppenheim.de\\\/?p=2618\",\"url\":\"https:\\\/\\\/tvheppenheim.de\\\/?p=2618\",\"name\":\"Mitgliederversammlung am Freitag, 23.05.2025 - TV Heppenheim\",\"isPartOf\":{\"@id\":\"https:\\\/\\\/tvheppenheim.de\\\/#website\"},\"primaryImageOfPage\":{\"@id\":\"https:\\\/\\\/tvheppenheim.de\\\/?p=2618#primaryimage\"},\"image\":{\"@id\":\"https:\\\/\\\/tvheppenheim.de\\\/?p=2618#primaryimage\"},\"thumbnailUrl\":\"https:\\\/\\\/tvheppenheim.de\\\/wp-content\\\/uploads\\\/2021\\\/01\\\/TVH_Wappen_rgb-1.png\",\"datePublished\":\"2025-04-21T12:45:38+00:00\",\"dateModified\":\"2025-04-21T12:53:50+00:00\",\"breadcrumb\":{\"@id\":\"https:\\\/\\\/tvheppenheim.de\\\/?p=2618#breadcrumb\"},\"inLanguage\":\"de\",\"potentialAction\":[{\"@type\":\"ReadAction\",\"target\":[\"https:\\\/\\\/tvheppenheim.de\\\/?p=2618\"]}]},{\"@type\":\"ImageObject\",\"inLanguage\":\"de\",\"@id\":\"https:\\\/\\\/tvheppenheim.de\\\/?p=2618#primaryimage\",\"url\":\"https:\\\/\\\/tvheppenheim.de\\\/wp-content\\\/uploads\\\/2021\\\/01\\\/TVH_Wappen_rgb-1.png\",\"contentUrl\":\"https:\\\/\\\/tvheppenheim.de\\\/wp-content\\\/uploads\\\/2021\\\/01\\\/TVH_Wappen_rgb-1.png\",\"width\":1200,\"height\":466},{\"@type\":\"BreadcrumbList\",\"@id\":\"https:\\\/\\\/tvheppenheim.de\\\/?p=2618#breadcrumb\",\"itemListElement\":[{\"@type\":\"ListItem\",\"position\":1,\"name\":\"Startseite\",\"item\":\"https:\\\/\\\/tvheppenheim.de\\\/\"},{\"@type\":\"ListItem\",\"position\":2,\"name\":\"Mitgliederversammlung am Freitag, 23.05.2025\"}]},{\"@type\":\"WebSite\",\"@id\":\"https:\\\/\\\/tvheppenheim.de\\\/#website\",\"url\":\"https:\\\/\\\/tvheppenheim.de\\\/\",\"name\":\"TV Heppenheim\",\"description\":\"\",\"publisher\":{\"@id\":\"https:\\\/\\\/tvheppenheim.de\\\/#organization\"},\"potentialAction\":[{\"@type\":\"SearchAction\",\"target\":{\"@type\":\"EntryPoint\",\"urlTemplate\":\"https:\\\/\\\/tvheppenheim.de\\\/?s={search_term_string}\"},\"query-input\":{\"@type\":\"PropertyValueSpecification\",\"valueRequired\":true,\"valueName\":\"search_term_string\"}}],\"inLanguage\":\"de\"},{\"@type\":\"Organization\",\"@id\":\"https:\\\/\\\/tvheppenheim.de\\\/#organization\",\"name\":\"TV Heppenheim\",\"url\":\"https:\\\/\\\/tvheppenheim.de\\\/\",\"logo\":{\"@type\":\"ImageObject\",\"inLanguage\":\"de\",\"@id\":\"https:\\\/\\\/tvheppenheim.de\\\/#\\\/schema\\\/logo\\\/image\\\/\",\"url\":\"https:\\\/\\\/tvheppenheim.de\\\/wp-content\\\/uploads\\\/2021\\\/05\\\/TVH_Header_hell_mit_Starkenburg_gesamt_dunkler_Kopf.png\",\"contentUrl\":\"https:\\\/\\\/tvheppenheim.de\\\/wp-content\\\/uploads\\\/2021\\\/05\\\/TVH_Header_hell_mit_Starkenburg_gesamt_dunkler_Kopf.png\",\"width\":1200,\"height\":124,\"caption\":\"TV Heppenheim\"},\"image\":{\"@id\":\"https:\\\/\\\/tvheppenheim.de\\\/#\\\/schema\\\/logo\\\/image\\\/\"}},{\"@type\":\"Person\",\"@id\":\"https:\\\/\\\/tvheppenheim.de\\\/#\\\/schema\\\/person\\\/9a0debd2d9e58b884ab39dfa45f7b911\",\"name\":\"Armin\",\"image\":{\"@type\":\"ImageObject\",\"inLanguage\":\"de\",\"@id\":\"https:\\\/\\\/secure.gravatar.com\\\/avatar\\\/27f36dc256a28955fbe6ec8d72f6f92b0ef4b6b0d9e2280f6adb8dd7a96e1ffe?s=96&d=mm&r=g\",\"url\":\"https:\\\/\\\/secure.gravatar.com\\\/avatar\\\/27f36dc256a28955fbe6ec8d72f6f92b0ef4b6b0d9e2280f6adb8dd7a96e1ffe?s=96&d=mm&r=g\",\"contentUrl\":\"https:\\\/\\\/secure.gravatar.com\\\/avatar\\\/27f36dc256a28955fbe6ec8d72f6f92b0ef4b6b0d9e2280f6adb8dd7a96e1ffe?s=96&d=mm&r=g\",\"caption\":\"Armin\"},\"url\":\"https:\\\/\\\/tvheppenheim.de\\\/?author=2\"}]}<\/script>\n<!-- \/ Yoast SEO plugin. -->","yoast_head_json":{"title":"Mitgliederversammlung am Freitag, 23.05.2025 - TV Heppenheim","robots":{"index":"index","follow":"follow","max-snippet":"max-snippet:-1","max-image-preview":"max-image-preview:large","max-video-preview":"max-video-preview:-1"},"canonical":"https:\/\/tvheppenheim.de\/?p=2618","og_locale":"de_DE","og_type":"article","og_title":"Mitgliederversammlung am Freitag, 23.05.2025 - TV Heppenheim","og_description":"Einladung zur ordentlichen Mitgliederversammlung des \u00a0 Turnverein Heppenheim 1864\/91 e.V. f\u00fcr das Jahr 2024am Freitag, 23. Mai 2025 um 19:00 Uhr Restaurant \u201eDas Burgheim\u201c, ehemals \u201eGossini\u201c, Am Graben 5,64646 Heppenheim Tagesordnung 1. Er\u00f6ffnung und Begr\u00fc\u00dfung 2. Totenehrung 3. Feststellung der Beschlussf\u00e4higkeit und der form- und fristgem\u00e4\u00dfen Einladung 4. Bericht des Vorstandes 2022 5. Bericht des [&hellip;]","og_url":"https:\/\/tvheppenheim.de\/?p=2618","og_site_name":"TV Heppenheim","article_published_time":"2025-04-21T12:45:38+00:00","article_modified_time":"2025-04-21T12:53:50+00:00","og_image":[{"width":1200,"height":466,"url":"https:\/\/tvheppenheim.de\/wp-content\/uploads\/2021\/01\/TVH_Wappen_rgb-1.png","type":"image\/png"}],"author":"Armin","twitter_card":"summary_large_image","twitter_misc":{"Verfasst von":"Armin","Gesch\u00e4tzte Lesezeit":"2\u00a0Minuten"},"schema":{"@context":"https:\/\/schema.org","@graph":[{"@type":"Article","@id":"https:\/\/tvheppenheim.de\/?p=2618#article","isPartOf":{"@id":"https:\/\/tvheppenheim.de\/?p=2618"},"author":{"name":"Armin","@id":"https:\/\/tvheppenheim.de\/#\/schema\/person\/9a0debd2d9e58b884ab39dfa45f7b911"},"headline":"Mitgliederversammlung am Freitag, 23.05.2025","datePublished":"2025-04-21T12:45:38+00:00","dateModified":"2025-04-21T12:53:50+00:00","mainEntityOfPage":{"@id":"https:\/\/tvheppenheim.de\/?p=2618"},"wordCount":261,"publisher":{"@id":"https:\/\/tvheppenheim.de\/#organization"},"image":{"@id":"https:\/\/tvheppenheim.de\/?p=2618#primaryimage"},"thumbnailUrl":"https:\/\/tvheppenheim.de\/wp-content\/uploads\/2021\/01\/TVH_Wappen_rgb-1.png","inLanguage":"de"},{"@type":"WebPage","@id":"https:\/\/tvheppenheim.de\/?p=2618","url":"https:\/\/tvheppenheim.de\/?p=2618","name":"Mitgliederversammlung am Freitag, 23.05.2025 - TV Heppenheim","isPartOf":{"@id":"https:\/\/tvheppenheim.de\/#website"},"primaryImageOfPage":{"@id":"https:\/\/tvheppenheim.de\/?p=2618#primaryimage"},"image":{"@id":"https:\/\/tvheppenheim.de\/?p=2618#primaryimage"},"thumbnailUrl":"https:\/\/tvheppenheim.de\/wp-content\/uploads\/2021\/01\/TVH_Wappen_rgb-1.png","datePublished":"2025-04-21T12:45:38+00:00","dateModified":"2025-04-21T12:53:50+00:00","breadcrumb":{"@id":"https:\/\/tvheppenheim.de\/?p=2618#breadcrumb"},"inLanguage":"de","potentialAction":[{"@type":"ReadAction","target":["https:\/\/tvheppenheim.de\/?p=2618"]}]},{"@type":"ImageObject","inLanguage":"de","@id":"https:\/\/tvheppenheim.de\/?p=2618#primaryimage","url":"https:\/\/tvheppenheim.de\/wp-content\/uploads\/2021\/01\/TVH_Wappen_rgb-1.png","contentUrl":"https:\/\/tvheppenheim.de\/wp-content\/uploads\/2021\/01\/TVH_Wappen_rgb-1.png","width":1200,"height":466},{"@type":"BreadcrumbList","@id":"https:\/\/tvheppenheim.de\/?p=2618#breadcrumb","itemListElement":[{"@type":"ListItem","position":1,"name":"Startseite","item":"https:\/\/tvheppenheim.de\/"},{"@type":"ListItem","position":2,"name":"Mitgliederversammlung am Freitag, 23.05.2025"}]},{"@type":"WebSite","@id":"https:\/\/tvheppenheim.de\/#website","url":"https:\/\/tvheppenheim.de\/","name":"TV Heppenheim","description":"","publisher":{"@id":"https:\/\/tvheppenheim.de\/#organization"},"potentialAction":[{"@type":"SearchAction","target":{"@type":"EntryPoint","urlTemplate":"https:\/\/tvheppenheim.de\/?s={search_term_string}"},"query-input":{"@type":"PropertyValueSpecification","valueRequired":true,"valueName":"search_term_string"}}],"inLanguage":"de"},{"@type":"Organization","@id":"https:\/\/tvheppenheim.de\/#organization","name":"TV Heppenheim","url":"https:\/\/tvheppenheim.de\/","logo":{"@type":"ImageObject","inLanguage":"de","@id":"https:\/\/tvheppenheim.de\/#\/schema\/logo\/image\/","url":"https:\/\/tvheppenheim.de\/wp-content\/uploads\/2021\/05\/TVH_Header_hell_mit_Starkenburg_gesamt_dunkler_Kopf.png","contentUrl":"https:\/\/tvheppenheim.de\/wp-content\/uploads\/2021\/05\/TVH_Header_hell_mit_Starkenburg_gesamt_dunkler_Kopf.png","width":1200,"height":124,"caption":"TV Heppenheim"},"image":{"@id":"https:\/\/tvheppenheim.de\/#\/schema\/logo\/image\/"}},{"@type":"Person","@id":"https:\/\/tvheppenheim.de\/#\/schema\/person\/9a0debd2d9e58b884ab39dfa45f7b911","name":"Armin","image":{"@type":"ImageObject","inLanguage":"de","@id":"https:\/\/secure.gravatar.com\/avatar\/27f36dc256a28955fbe6ec8d72f6f92b0ef4b6b0d9e2280f6adb8dd7a96e1ffe?s=96&d=mm&r=g","url":"https:\/\/secure.gravatar.com\/avatar\/27f36dc256a28955fbe6ec8d72f6f92b0ef4b6b0d9e2280f6adb8dd7a96e1ffe?s=96&d=mm&r=g","contentUrl":"https:\/\/secure.gravatar.com\/avatar\/27f36dc256a28955fbe6ec8d72f6f92b0ef4b6b0d9e2280f6adb8dd7a96e1ffe?s=96&d=mm&r=g","caption":"Armin"},"url":"https:\/\/tvheppenheim.de\/?author=2"}]}},"_links":{"self":[{"href":"https:\/\/tvheppenheim.de\/index.php?rest_route=\/wp\/v2\/posts\/2618","targetHints":{"allow":["GET"]}}],"collection":[{"href":"https:\/\/tvheppenheim.de\/index.php?rest_route=\/wp\/v2\/posts"}],"about":[{"href":"https:\/\/tvheppenheim.de\/index.php?rest_route=\/wp\/v2\/types\/post"}],"author":[{"embeddable":true,"href":"https:\/\/tvheppenheim.de\/index.php?rest_route=\/wp\/v2\/users\/2"}],"replies":[{"embeddable":true,"href":"https:\/\/tvheppenheim.de\/index.php?rest_route=%2Fwp%2Fv2%2Fcomments&post=2618"}],"version-history":[{"count":5,"href":"https:\/\/tvheppenheim.de\/index.php?rest_route=\/wp\/v2\/posts\/2618\/revisions"}],"predecessor-version":[{"id":2624,"href":"https:\/\/tvheppenheim.de\/index.php?rest_route=\/wp\/v2\/posts\/2618\/revisions\/2624"}],"wp:featuredmedia":[{"embeddable":true,"href":"https:\/\/tvheppenheim.de\/index.php?rest_route=\/wp\/v2\/media\/316"}],"wp:attachment":[{"href":"https:\/\/tvheppenheim.de\/index.php?rest_route=%2Fwp%2Fv2%2Fmedia&parent=2618"}],"wp:term":[{"taxonomy":"category","embeddable":true,"href":"https:\/\/tvheppenheim.de\/index.php?rest_route=%2Fwp%2Fv2%2Fcategories&post=2618"},{"taxonomy":"post_tag","embeddable":true,"href":"https:\/\/tvheppenheim.de\/index.php?rest_route=%2Fwp%2Fv2%2Ftags&post=2618"}],"curies":[{"name":"wp","href":"https:\/\/api.w.org\/{rel}","templated":true}]}}